{"id":1129,"date":"2021-12-31T16:36:00","date_gmt":"2021-12-31T15:36:00","guid":{"rendered":"https:\/\/ich-bei-ipp.at\/blog\/?p=1129"},"modified":"2023-06-23T16:50:06","modified_gmt":"2023-06-23T14:50:06","slug":"guten-rutsch-mit-blick-nach-vorne","status":"publish","type":"post","link":"https:\/\/ich-bei-ipp.at\/blog\/2021\/12\/31\/guten-rutsch-mit-blick-nach-vorne\/","title":{"rendered":"GUTEN RUTSCH \u2013 MIT BLICK NACH VORNE"},"content":{"rendered":"\n<figure class=\"wp-block-video aligncenter\"><video controls src=\"https:\/\/ich-bei-ipp.at\/blog\/wp-content\/uploads\/2022\/02\/WhatsApp-Video-2022-01-01-at-09.59.51.mp4\"><\/video><\/figure>\n\n\n\n<p class=\"has-vivid-green-cyan-color has-text-color\"><strong>Liebe IPP-GastgeberInnen und IPP-Gastgeber!<\/strong><strong><\/strong><\/p>\n\n\n\n<p>Es war auch heuer ein sehr spezielles Weihnachten \u2013 letztlich habt <span style=\"color: #00d084;\"><strong>ihr<\/strong><\/span> es bei meiner kleinen Tour durch die Hotels f\u00fcr mich zu etwas ganz Besonderem gemacht.<\/p>\n\n\n\n<p><span style=\"color: #00d084;\"><strong>Danke<\/strong><\/span> bei dieser Gelegenheit nochmals f\u00fcr eure netten Geschenke und die vielen so liebevollen Worte und Zeilen.<\/p>\n\n\n\n<p>Das hat mich sehr ber\u00fchrt und mir ein weiteres Mal gezeigt, dass <span style=\"color: #00d084;\"><strong>Gemeinschaft und Wertsch\u00e4tzung<\/strong><\/span> die <span style=\"color: #00d084;\"><strong>wichtigsten S\u00e4ulen<\/strong><\/span> im Unternehmen \u2013 ja in unserer gesamten Gesellschaft \u2013 sind.<\/p>\n\n\n\n<p><span style=\"color: #00d084;\"><strong>Ich hoffe<\/strong><\/span>, dass ihr alle im Rahmen der gegebenen M\u00f6glichkeiten ein frohes Fest und <span style=\"color: #00d084;\"><strong>erholsame Feiertage im Kreise eurer Lieben<\/strong><\/span> verbringen konntet.<\/p>\n\n\n\n<p>Nun blicken wir mit <span style=\"color: #00d084;\"><strong>Vorfreude sowie auch in hoffnungsvoller Spannung <\/strong><\/span> auf das kommende Jahr und was uns dieses so alles bringen wird.<\/p>\n\n\n\n<p>Wir haben <span style=\"color: #00d084;\"><strong>gemeinsam 2020 und 2021 gemeistert<\/strong><\/span> \u2013 auch <span style=\"color: #00d084;\"><strong>f\u00fcr 2022<\/strong><\/span> verspreche ich euch <span style=\"color: #00d084;\"><strong>Stabilit\u00e4t und Sicherheit<\/strong><\/span> f\u00fcr euren Arbeitsplatz.<\/p>\n\n\n\n<p>Die <span style=\"color: #00d084;\"><strong>Zuversicht<\/strong><\/span>, dass die Geschehnisse rund um die Pandemie irgendwann Besserung finden <span style=\"color: #00d084;\"><strong>m\u00fcssen<\/strong><\/span> und das <span style=\"color: #00d084;\"><strong>Bewusstsein um unsere eigene St\u00e4rke als Familie der IPP HOTELS<\/strong><\/span> beseelen mich in meinem unersch\u00fctterlichen Glauben daran, dass wir 2022 in unserem Unternehmen jenen Erfolg haben werden, den unsere gemeinsame Anstrengung auch verdient.<\/p>\n\n\n\n<p><span style=\"color: #00d084;\"><strong>Jedes Jahr ist neu<\/strong><\/span> und auch im kommenden stehen uns <span style=\"color: #00d084;\"><strong>wieder 365 Tage mit 365 neuen Chancen<\/strong><\/span> zur Verf\u00fcgung.<\/p>\n\n\n\n<p class=\"has-vivid-green-cyan-color has-text-color\"><strong>Ich w\u00fcnsche euch und euren Familien guten Rutsch in ein gl\u00fcckliches und vor allem gesundes, neues Jahr.<\/strong><strong><\/strong><\/p>\n\n\n\n<p>Herzlichst,<br>euer Alexander Ipp<\/p>\n","protected":false},"excerpt":{"rendered":"<p>Liebe IPP-GastgeberInnen und IPP-Gastgeber! Es war auch heuer ein sehr spezielles Weihnachten \u2013 letztlich habt ihr es bei meiner kleinen Tour durch die Hotels f\u00fcr mich zu etwas ganz Besonderem gemacht. Danke bei dieser Gelegenheit nochmals f\u00fcr eure netten Geschenke und die vielen so liebevollen Worte und Zeilen. Das hat mich sehr ber\u00fchrt und mir [&hellip;]<\/p>\n","protected":false},"author":1,"featured_media":1130,"comment_status":"closed","ping_status":"closed","sticky":false,"template":"","format":"standard","meta":{"footnotes":""},"categories":[4],"tags":[],"wps_subtitle":"Viel Gl\u00fcck und Gesundheit f\u00fcr 2022","_links":{"self":[{"href":"https:\/\/ich-bei-ipp.at\/blog\/wp-json\/wp\/v2\/posts\/1129"}],"collection":[{"href":"https:\/\/ich-bei-ipp.at\/blog\/wp-json\/wp\/v2\/posts"}],"about":[{"href":"https:\/\/ich-bei-ipp.at\/blog\/wp-json\/wp\/v2\/types\/post"}],"author":[{"embeddable":true,"href":"https:\/\/ich-bei-ipp.at\/blog\/wp-json\/wp\/v2\/users\/1"}],"replies":[{"embeddable":true,"href":"https:\/\/ich-bei-ipp.at\/blog\/wp-json\/wp\/v2\/comments?post=1129"}],"version-history":[{"count":4,"href":"https:\/\/ich-bei-ipp.at\/blog\/wp-json\/wp\/v2\/posts\/1129\/revisions"}],"predecessor-version":[{"id":1136,"href":"https:\/\/ich-bei-ipp.at\/blog\/wp-json\/wp\/v2\/posts\/1129\/revisions\/1136"}],"wp:featuredmedia":[{"embeddable":true,"href":"https:\/\/ich-bei-ipp.at\/blog\/wp-json\/wp\/v2\/media\/1130"}],"wp:attachment":[{"href":"https:\/\/ich-bei-ipp.at\/blog\/wp-json\/wp\/v2\/media?parent=1129"}],"wp:term":[{"taxonomy":"category","embeddable":true,"href":"https:\/\/ich-bei-ipp.at\/blog\/wp-json\/wp\/v2\/categories?post=1129"},{"taxonomy":"post_tag","embeddable":true,"href":"https:\/\/ich-bei-ipp.at\/blog\/wp-json\/wp\/v2\/tags?post=1129"}],"curies":[{"name":"wp","href":"https:\/\/api.w.org\/{rel}","templated":true}]}}