{"id":1181,"date":"2021-09-15T17:43:00","date_gmt":"2021-09-15T15:43:00","guid":{"rendered":"https:\/\/ich-bei-ipp.at\/blog\/?p=1181"},"modified":"2023-06-23T16:50:27","modified_gmt":"2023-06-23T14:50:27","slug":"ein-fest-fur-barbara","status":"publish","type":"post","link":"https:\/\/ich-bei-ipp.at\/blog\/2021\/09\/15\/ein-fest-fur-barbara\/","title":{"rendered":"EIN FEST F\u00dcR BARBARA"},"content":{"rendered":"\n<p>Liebe IPP-GastgeberInnen!<\/p>\n\n\n\n<p>Mit einem gem\u00fctlichen Fest im neuen Hotel Zoku \u00fcber den D\u00e4chern von Wien haben wir am 9. September 2021 mit unserer Langzeit-Verwaltungsleiterin <span style=\"color: #a8d05e;\"><strong>Barbara Seher<\/strong><\/span> w\u00fcrdig ihren wohlverdienten Schritt in den Ruhestand gefeiert.<\/p>\n\n\n\n<p>Sch\u00f6n, dass neben allen HotelleiterInnen und Kolleginnen aus der Verwaltung ebenso ihr Mann Josef dabei gewesen ist. Er hat unserer lieben Barbara \u00fcber mehr als 25 Jahre oftmals den R\u00fccken f\u00fcr ihr so engagiertes Wirken bei den IPP HOTELS freigehalten. Daf\u00fcr geb\u00fchrt auch ihm ein gro\u00dfes Dankesch\u00f6n!<\/p>\n\n\n\n<p>Die Stelle der Verwaltungsleiterin bei den IPP HOTELS hat Frau Mag. Eva Pinter \u00fcbernommen. Sie hat sich als langj\u00e4hrige Verwaltungsassistentin im arte Hotel Wien verdient gemacht. Ihr w\u00fcnsche ich gleichsam viel Freude und Erfolg im neuen Job.<\/p>\n\n\n\n<p>Nun aber ein paar pers\u00f6nliche Worte zu Barbara Seher\u2026. \ud83d\ude0a<br><br><\/p>\n\n\n\n<p class=\"has-text-color\" style=\"color:#a8d05e\"><strong>Liebe Barbara!<\/strong><strong><\/strong><\/p>\n\n\n\n<p>Wenn eine tolle Mitarbeiterin und berufliche Wegbegleiterin in den&nbsp; Ruhestand tritt, so erf\u00fcllt das meist mit Wehmut, aber auch mit Freude und Dankbarkeit.<\/p>\n\n\n\n<p><strong>Wehmut,<\/strong> weil eine \u00c4ra zu Ende geht \u2013 und damit letztlich auch ein sch\u00f6ner Lebensabschnitt.<\/p>\n\n\n\n<p><strong>Freude<\/strong> f\u00fcr diesen Menschen, dass er nun andere Dinge des Lebens genie\u00dfen kann.<\/p>\n\n\n\n<p><strong>Dankbarkeit<\/strong> \u00fcber das Geleistete, gemeinsam Erlebte und Geschaffte sowie gefeierte Erfolge.<\/p>\n\n\n\n<p>Aber sie waren stets mehr f\u00fcr mich, als nur eine tolle Mitarbeiterin \u2013 vielmehr eine gro\u00dfartige&nbsp; Weggef\u00e4hrtin und vor allem ein ganz besonderer Mensch.<\/p>\n\n\n\n<p>Ihre dauerhafte Einsatzbereitschaft, ihr Lernwille, ihre Auffassungsgabe sowie ihre Umsicht machten sie zu einer hervorragenden Verwaltungsleiterin.<\/p>\n\n\n\n<p>Ihre beispiellose Loyalit\u00e4t und Verbundenheit zu mir machten sie jedoch zu meiner engen Vertrauten in vielen Unternehmensbereichen und dar\u00fcber hinaus zu einer pers\u00f6nlichen Freundin, mit der ich mich bis heute gerne austausche.<\/p>\n\n\n\n<p>So steht am Ende ihrer aktiven Berufslaufbahn mein <span style=\"color: #a8d05e;\"><strong>GROSSES DANKESCH\u00d6N<\/strong><\/span> f\u00fcr alle Dinge, bei denen sie mich in diesem Vierteljahrhundert begleitet haben und mir auch eine gro\u00dfe St\u00fctze gewesen sind.<\/p>\n\n\n\n<p>Ebenso steht aber doppelte Freude:<br>Einerseits dar\u00fcber, dass sie nun mit ihrer Familie \u2013 als Ehefrau, Mutter und vor allem Oma \u2013 mehr&nbsp;Zeit f\u00fcr andere Sch\u00f6nheiten des Lebens haben werden.<br>Andererseits freut es mich, dass wir dennoch auch k\u00fcnftig ein paar kleine Dinge gemeinsam bearbeiten werden. Es m\u00fcssen ja keine Hotel\u00fcbernahmen mehr sein. \ud83d\ude0a<\/p>\n\n\n\n<p>Abgesehen von alledem bleibt mir unsere pers\u00f6nliche Verbindung besonders wichtig und auch in Zukunft wertvoll.<\/p>\n\n\n\n<p>Ich w\u00fcnsche ihnen von Herzen Gesundheit und Gl\u00fcck \u2013 m\u00f6gen sie ihr Leben noch viele Jahrzehnte genie\u00dfen.<\/p>\n\n\n\n<p>Ihr Alexander Ipp<\/p>\n\n\n\n<p class=\"has-text-color\" style=\"color:#a8d05e\"><strong>Sch\u00f6n, dass ich mit ihnen arbeiten durfte!<\/strong><\/p>\n\n\n\n<figure class=\"wp-block-gallery columns-2 is-cropped fancybox wp-block-gallery-1 is-layout-flex wp-block-gallery-is-layout-flex\"><ul class=\"blocks-gallery-grid\"><li class=\"blocks-gallery-item\"><figure><a href=\"https:\/\/ich-bei-ipp.at\/blog\/wp-content\/uploads\/2021\/09\/IMG_20210909_174654-scaled.jpg\"><img loading=\"lazy\" decoding=\"async\" width=\"1024\" height=\"768\" src=\"https:\/\/ich-bei-ipp.at\/blog\/wp-content\/uploads\/2021\/09\/IMG_20210909_174654-1024x768.jpg\" alt=\"\" data-id=\"1187\" data-full-url=\"https:\/\/ich-bei-ipp.at\/blog\/wp-content\/uploads\/2021\/09\/IMG_20210909_174654-scaled.jpg\" data-link=\"https:\/\/ich-bei-ipp.at\/blog\/?attachment_id=1187\" class=\"wp-image-1187\" srcset=\"https:\/\/ich-bei-ipp.at\/blog\/wp-content\/uploads\/2021\/09\/IMG_20210909_174654-1024x768.jpg 1024w, https:\/\/ich-bei-ipp.at\/blog\/wp-content\/uploads\/2021\/09\/IMG_20210909_174654-300x225.jpg 300w, https:\/\/ich-bei-ipp.at\/blog\/wp-content\/uploads\/2021\/09\/IMG_20210909_174654-768x576.jpg 768w, https:\/\/ich-bei-ipp.at\/blog\/wp-content\/uploads\/2021\/09\/IMG_20210909_174654-1536x1152.jpg 1536w, https:\/\/ich-bei-ipp.at\/blog\/wp-content\/uploads\/2021\/09\/IMG_20210909_174654-2048x1536.jpg 2048w\" sizes=\"(max-width: 1024px) 100vw, 1024px\" \/><\/a><\/figure><\/li><li class=\"blocks-gallery-item\"><figure><a href=\"https:\/\/ich-bei-ipp.at\/blog\/wp-content\/uploads\/2021\/09\/IMG-20210910-2.jpg\"><img loading=\"lazy\" decoding=\"async\" width=\"1024\" height=\"768\" src=\"https:\/\/ich-bei-ipp.at\/blog\/wp-content\/uploads\/2021\/09\/IMG-20210910-2-1024x768.jpg\" alt=\"\" data-id=\"1189\" data-full-url=\"https:\/\/ich-bei-ipp.at\/blog\/wp-content\/uploads\/2021\/09\/IMG-20210910-2.jpg\" data-link=\"https:\/\/ich-bei-ipp.at\/blog\/?attachment_id=1189\" class=\"wp-image-1189\" srcset=\"https:\/\/ich-bei-ipp.at\/blog\/wp-content\/uploads\/2021\/09\/IMG-20210910-2-1024x768.jpg 1024w, https:\/\/ich-bei-ipp.at\/blog\/wp-content\/uploads\/2021\/09\/IMG-20210910-2-300x225.jpg 300w, https:\/\/ich-bei-ipp.at\/blog\/wp-content\/uploads\/2021\/09\/IMG-20210910-2-768x576.jpg 768w, https:\/\/ich-bei-ipp.at\/blog\/wp-content\/uploads\/2021\/09\/IMG-20210910-2-1536x1152.jpg 1536w, https:\/\/ich-bei-ipp.at\/blog\/wp-content\/uploads\/2021\/09\/IMG-20210910-2.jpg 1600w\" sizes=\"(max-width: 1024px) 100vw, 1024px\" \/><\/a><\/figure><\/li><\/ul><\/figure>\n","protected":false},"excerpt":{"rendered":"<p>Liebe IPP-GastgeberInnen! Mit einem gem\u00fctlichen Fest im neuen Hotel Zoku \u00fcber den D\u00e4chern von Wien haben wir am 9. September 2021 mit unserer Langzeit-Verwaltungsleiterin Barbara Seher w\u00fcrdig ihren wohlverdienten Schritt in den Ruhestand gefeiert. Sch\u00f6n, dass neben allen HotelleiterInnen und Kolleginnen aus der Verwaltung ebenso ihr Mann Josef dabei gewesen ist. Er hat unserer lieben [&hellip;]<\/p>\n","protected":false},"author":1,"featured_media":1182,"comment_status":"closed","ping_status":"closed","sticky":false,"template":"","format":"standard","meta":{"footnotes":""},"categories":[4],"tags":[],"wps_subtitle":"Viel Freude im wohlverdienten Ruhestand!","_links":{"self":[{"href":"https:\/\/ich-bei-ipp.at\/blog\/wp-json\/wp\/v2\/posts\/1181"}],"collection":[{"href":"https:\/\/ich-bei-ipp.at\/blog\/wp-json\/wp\/v2\/posts"}],"about":[{"href":"https:\/\/ich-bei-ipp.at\/blog\/wp-json\/wp\/v2\/types\/post"}],"author":[{"embeddable":true,"href":"https:\/\/ich-bei-ipp.at\/blog\/wp-json\/wp\/v2\/users\/1"}],"replies":[{"embeddable":true,"href":"https:\/\/ich-bei-ipp.at\/blog\/wp-json\/wp\/v2\/comments?post=1181"}],"version-history":[{"count":20,"href":"https:\/\/ich-bei-ipp.at\/blog\/wp-json\/wp\/v2\/posts\/1181\/revisions"}],"predecessor-version":[{"id":1209,"href":"https:\/\/ich-bei-ipp.at\/blog\/wp-json\/wp\/v2\/posts\/1181\/revisions\/1209"}],"wp:featuredmedia":[{"embeddable":true,"href":"https:\/\/ich-bei-ipp.at\/blog\/wp-json\/wp\/v2\/media\/1182"}],"wp:attachment":[{"href":"https:\/\/ich-bei-ipp.at\/blog\/wp-json\/wp\/v2\/media?parent=1181"}],"wp:term":[{"taxonomy":"category","embeddable":true,"href":"https:\/\/ich-bei-ipp.at\/blog\/wp-json\/wp\/v2\/categories?post=1181"},{"taxonomy":"post_tag","embeddable":true,"href":"https:\/\/ich-bei-ipp.at\/blog\/wp-json\/wp\/v2\/tags?post=1181"}],"curies":[{"name":"wp","href":"https:\/\/api.w.org\/{rel}","templated":true}]}}