{"id":1707,"date":"2023-06-08T16:01:00","date_gmt":"2023-06-08T14:01:00","guid":{"rendered":"https:\/\/ich-bei-ipp.at\/blog\/?p=1707"},"modified":"2023-12-04T13:32:08","modified_gmt":"2023-12-04T12:32:08","slug":"lehrabschluss-auf-der-schwarz-alm","status":"publish","type":"post","link":"https:\/\/ich-bei-ipp.at\/blog\/2023\/06\/08\/lehrabschluss-auf-der-schwarz-alm\/","title":{"rendered":"Lehrabschluss auf der Schwarz Alm"},"content":{"rendered":"\n<p>Unsere Lehrlinge Carina und Niklas haben es endlich geschafft! \ud83e\udd73 Nach 3 Jahren Lehre auf der Schwarz Alm haben beide nun die Lehrabschlusspr\u00fcfung zur\/zum Restaurantfachfrau\/-mann hervorragend gemeistert.<\/p>\n\n\n\n<p>Endlich ausgelernt muss sich Carina noch an die viele Freizeit gew\u00f6hnen, die sie zuvor meist nur mit Lernen verbrachte. Auch Niklas genie\u00dft es nun ausgelernter Restaurantfachmann zu sein. Letztes Jahr hat er ein f\u00fcnfw\u00f6chiges Auslandspraktikum auf Gran Canaria absolviert.<\/p>\n\n\n\n<p>Beide sind sehr flei\u00dfig und konnten w\u00e4hrend ihrer Lehrzeit viele wertvolle Erfahrungen sammeln, die ihren Horizont und Know-How erweitert haben.<\/p>\n\n\n\n<p>Herzlichen Gl\u00fcckwunsch euch beiden, Carina und Niklas! \ud83e\udd73 Wir sind alle stolz auf euch \ud83d\ude0a<\/p>\n","protected":false},"excerpt":{"rendered":"<p>Unsere Lehrlinge Carina und Niklas haben es endlich geschafft! \ud83e\udd73 Nach 3 Jahren Lehre auf der Schwarz Alm haben beide nun die Lehrabschlusspr\u00fcfung zur\/zum Restaurantfachfrau\/-mann hervorragend gemeistert. Endlich ausgelernt muss sich Carina noch an die viele Freizeit gew\u00f6hnen, die sie zuvor meist nur mit Lernen verbrachte. Auch Niklas genie\u00dft es nun ausgelernter Restaurantfachmann zu sein. [&hellip;]<\/p>\n","protected":false},"author":1,"featured_media":1716,"comment_status":"closed","ping_status":"closed","sticky":false,"template":"","format":"standard","meta":{"footnotes":""},"categories":[6],"tags":[],"wps_subtitle":"Abschlusspr\u00fcfung hervorragend bestanden","_links":{"self":[{"href":"https:\/\/ich-bei-ipp.at\/blog\/wp-json\/wp\/v2\/posts\/1707"}],"collection":[{"href":"https:\/\/ich-bei-ipp.at\/blog\/wp-json\/wp\/v2\/posts"}],"about":[{"href":"https:\/\/ich-bei-ipp.at\/blog\/wp-json\/wp\/v2\/types\/post"}],"author":[{"embeddable":true,"href":"https:\/\/ich-bei-ipp.at\/blog\/wp-json\/wp\/v2\/users\/1"}],"replies":[{"embeddable":true,"href":"https:\/\/ich-bei-ipp.at\/blog\/wp-json\/wp\/v2\/comments?post=1707"}],"version-history":[{"count":6,"href":"https:\/\/ich-bei-ipp.at\/blog\/wp-json\/wp\/v2\/posts\/1707\/revisions"}],"predecessor-version":[{"id":1718,"href":"https:\/\/ich-bei-ipp.at\/blog\/wp-json\/wp\/v2\/posts\/1707\/revisions\/1718"}],"wp:featuredmedia":[{"embeddable":true,"href":"https:\/\/ich-bei-ipp.at\/blog\/wp-json\/wp\/v2\/media\/1716"}],"wp:attachment":[{"href":"https:\/\/ich-bei-ipp.at\/blog\/wp-json\/wp\/v2\/media?parent=1707"}],"wp:term":[{"taxonomy":"category","embeddable":true,"href":"https:\/\/ich-bei-ipp.at\/blog\/wp-json\/wp\/v2\/categories?post=1707"},{"taxonomy":"post_tag","embeddable":true,"href":"https:\/\/ich-bei-ipp.at\/blog\/wp-json\/wp\/v2\/tags?post=1707"}],"curies":[{"name":"wp","href":"https:\/\/api.w.org\/{rel}","templated":true}]}}