{"id":2142,"date":"2023-10-23T14:46:54","date_gmt":"2023-10-23T12:46:54","guid":{"rendered":"https:\/\/ich-bei-ipp.at\/blog\/?p=2142"},"modified":"2023-12-04T13:30:01","modified_gmt":"2023-12-04T12:30:01","slug":"fit-mit-ipp-herbstwanderung","status":"publish","type":"post","link":"https:\/\/ich-bei-ipp.at\/blog\/2023\/10\/23\/fit-mit-ipp-herbstwanderung\/","title":{"rendered":"FIT MIT IPP Herbstwanderung"},"content":{"rendered":"\n<p>Gerade wenn die Tage k\u00fchler werden, macht das Wandern noch mehr Spa\u00df! Die Natur zeigt sich von einer ganz besonderes sch\u00f6nen Seite. Es ist auf keinen Fall zu hei\u00df um lange drau\u00dfen zu sein. Was gibt es dann Sch\u00f6neres, als gemeinsam durch die farbenpr\u00e4chtige Landschaft zu wandern?<\/p>\n\n\n\n<p>Am 22.10.2023 machten sich die IPP-Gastgeber der Schwarz Alm und des I&#8217;m Inn Wieselburgs zusammen mit ihren Familienmitgliedern auf zur Wanderung durch den Ysperklamm. Nach der zweist\u00fcndigen Wanderung durch den wundersch\u00f6nen Herbstwald kehrten sie im Forellenhof ein und lie\u00dfen den Abend beim gem\u00fctlichen Beisammensein ausklingen.<\/p>\n\n\n\n<p>Hier ein paar Schnappsch\u00fcsse von der Herbstwanderung.<\/p>\n\n\n\n<figure class=\"wp-block-gallery has-nested-images columns-4 is-cropped fancybox wp-block-gallery-1 is-layout-flex wp-block-gallery-is-layout-flex\">\n<figure class=\"wp-block-image size-large\"><a href=\"https:\/\/ich-bei-ipp.at\/blog\/wp-content\/uploads\/2023\/10\/WhatsApp-Image-2023-10-23-at-21.41.11-1.jpeg\"><img loading=\"lazy\" decoding=\"async\" width=\"1024\" height=\"768\" data-id=\"2133\" src=\"https:\/\/ich-bei-ipp.at\/blog\/wp-content\/uploads\/2023\/10\/WhatsApp-Image-2023-10-23-at-21.41.11-1-1024x768.jpeg\" alt=\"\" class=\"wp-image-2133\" srcset=\"https:\/\/ich-bei-ipp.at\/blog\/wp-content\/uploads\/2023\/10\/WhatsApp-Image-2023-10-23-at-21.41.11-1-1024x768.jpeg 1024w, https:\/\/ich-bei-ipp.at\/blog\/wp-content\/uploads\/2023\/10\/WhatsApp-Image-2023-10-23-at-21.41.11-1-300x225.jpeg 300w, https:\/\/ich-bei-ipp.at\/blog\/wp-content\/uploads\/2023\/10\/WhatsApp-Image-2023-10-23-at-21.41.11-1-768x576.jpeg 768w, https:\/\/ich-bei-ipp.at\/blog\/wp-content\/uploads\/2023\/10\/WhatsApp-Image-2023-10-23-at-21.41.11-1-1536x1152.jpeg 1536w, https:\/\/ich-bei-ipp.at\/blog\/wp-content\/uploads\/2023\/10\/WhatsApp-Image-2023-10-23-at-21.41.11-1.jpeg 1600w\" sizes=\"(max-width: 1024px) 100vw, 1024px\" \/><\/a><\/figure>\n\n\n\n<figure class=\"wp-block-image size-large\"><a href=\"https:\/\/ich-bei-ipp.at\/blog\/wp-content\/uploads\/2023\/10\/WhatsApp-Image-2023-10-23-at-21.42.17-1.jpeg\"><img loading=\"lazy\" decoding=\"async\" width=\"768\" height=\"1024\" data-id=\"2127\" src=\"https:\/\/ich-bei-ipp.at\/blog\/wp-content\/uploads\/2023\/10\/WhatsApp-Image-2023-10-23-at-21.42.17-1-768x1024.jpeg\" alt=\"\" class=\"wp-image-2127\" srcset=\"https:\/\/ich-bei-ipp.at\/blog\/wp-content\/uploads\/2023\/10\/WhatsApp-Image-2023-10-23-at-21.42.17-1-768x1024.jpeg 768w, https:\/\/ich-bei-ipp.at\/blog\/wp-content\/uploads\/2023\/10\/WhatsApp-Image-2023-10-23-at-21.42.17-1-225x300.jpeg 225w, https:\/\/ich-bei-ipp.at\/blog\/wp-content\/uploads\/2023\/10\/WhatsApp-Image-2023-10-23-at-21.42.17-1-1152x1536.jpeg 1152w, https:\/\/ich-bei-ipp.at\/blog\/wp-content\/uploads\/2023\/10\/WhatsApp-Image-2023-10-23-at-21.42.17-1.jpeg 1536w\" sizes=\"(max-width: 768px) 100vw, 768px\" \/><\/a><\/figure>\n\n\n\n<figure class=\"wp-block-image size-large\"><a href=\"https:\/\/ich-bei-ipp.at\/blog\/wp-content\/uploads\/2023\/10\/WhatsApp-Image-2023-10-23-at-21.41.11-2.jpeg\"><img loading=\"lazy\" decoding=\"async\" width=\"768\" height=\"1024\" data-id=\"2132\" src=\"https:\/\/ich-bei-ipp.at\/blog\/wp-content\/uploads\/2023\/10\/WhatsApp-Image-2023-10-23-at-21.41.11-2-768x1024.jpeg\" alt=\"\" class=\"wp-image-2132\" srcset=\"https:\/\/ich-bei-ipp.at\/blog\/wp-content\/uploads\/2023\/10\/WhatsApp-Image-2023-10-23-at-21.41.11-2-768x1024.jpeg 768w, https:\/\/ich-bei-ipp.at\/blog\/wp-content\/uploads\/2023\/10\/WhatsApp-Image-2023-10-23-at-21.41.11-2-225x300.jpeg 225w, https:\/\/ich-bei-ipp.at\/blog\/wp-content\/uploads\/2023\/10\/WhatsApp-Image-2023-10-23-at-21.41.11-2-1152x1536.jpeg 1152w, https:\/\/ich-bei-ipp.at\/blog\/wp-content\/uploads\/2023\/10\/WhatsApp-Image-2023-10-23-at-21.41.11-2.jpeg 1200w\" sizes=\"(max-width: 768px) 100vw, 768px\" \/><\/a><\/figure>\n\n\n\n<figure class=\"wp-block-image size-large\"><a href=\"https:\/\/ich-bei-ipp.at\/blog\/wp-content\/uploads\/2023\/10\/WhatsApp-Image-2023-10-23-at-21.41.11.jpeg\"><img loading=\"lazy\" decoding=\"async\" width=\"768\" height=\"1024\" data-id=\"2134\" src=\"https:\/\/ich-bei-ipp.at\/blog\/wp-content\/uploads\/2023\/10\/WhatsApp-Image-2023-10-23-at-21.41.11-768x1024.jpeg\" alt=\"\" class=\"wp-image-2134\" srcset=\"https:\/\/ich-bei-ipp.at\/blog\/wp-content\/uploads\/2023\/10\/WhatsApp-Image-2023-10-23-at-21.41.11-768x1024.jpeg 768w, https:\/\/ich-bei-ipp.at\/blog\/wp-content\/uploads\/2023\/10\/WhatsApp-Image-2023-10-23-at-21.41.11-225x300.jpeg 225w, https:\/\/ich-bei-ipp.at\/blog\/wp-content\/uploads\/2023\/10\/WhatsApp-Image-2023-10-23-at-21.41.11-1152x1536.jpeg 1152w, https:\/\/ich-bei-ipp.at\/blog\/wp-content\/uploads\/2023\/10\/WhatsApp-Image-2023-10-23-at-21.41.11.jpeg 1200w\" sizes=\"(max-width: 768px) 100vw, 768px\" \/><\/a><\/figure>\n\n\n\n<figure class=\"wp-block-image size-large\"><a href=\"https:\/\/ich-bei-ipp.at\/blog\/wp-content\/uploads\/2023\/10\/WhatsApp-Image-2023-10-23-at-21.41.41.jpeg\"><img loading=\"lazy\" decoding=\"async\" width=\"768\" height=\"1024\" data-id=\"2131\" src=\"https:\/\/ich-bei-ipp.at\/blog\/wp-content\/uploads\/2023\/10\/WhatsApp-Image-2023-10-23-at-21.41.41-768x1024.jpeg\" alt=\"\" class=\"wp-image-2131\" srcset=\"https:\/\/ich-bei-ipp.at\/blog\/wp-content\/uploads\/2023\/10\/WhatsApp-Image-2023-10-23-at-21.41.41-768x1024.jpeg 768w, https:\/\/ich-bei-ipp.at\/blog\/wp-content\/uploads\/2023\/10\/WhatsApp-Image-2023-10-23-at-21.41.41-225x300.jpeg 225w, https:\/\/ich-bei-ipp.at\/blog\/wp-content\/uploads\/2023\/10\/WhatsApp-Image-2023-10-23-at-21.41.41-1152x1536.jpeg 1152w, https:\/\/ich-bei-ipp.at\/blog\/wp-content\/uploads\/2023\/10\/WhatsApp-Image-2023-10-23-at-21.41.41.jpeg 1200w\" sizes=\"(max-width: 768px) 100vw, 768px\" \/><\/a><\/figure>\n\n\n\n<figure class=\"wp-block-image size-large\"><a href=\"https:\/\/ich-bei-ipp.at\/blog\/wp-content\/uploads\/2023\/10\/WhatsApp-Image-2023-10-23-at-21.41.43.jpeg\"><img loading=\"lazy\" decoding=\"async\" width=\"768\" height=\"1024\" data-id=\"2130\" src=\"https:\/\/ich-bei-ipp.at\/blog\/wp-content\/uploads\/2023\/10\/WhatsApp-Image-2023-10-23-at-21.41.43-768x1024.jpeg\" alt=\"\" class=\"wp-image-2130\" srcset=\"https:\/\/ich-bei-ipp.at\/blog\/wp-content\/uploads\/2023\/10\/WhatsApp-Image-2023-10-23-at-21.41.43-768x1024.jpeg 768w, https:\/\/ich-bei-ipp.at\/blog\/wp-content\/uploads\/2023\/10\/WhatsApp-Image-2023-10-23-at-21.41.43-225x300.jpeg 225w, https:\/\/ich-bei-ipp.at\/blog\/wp-content\/uploads\/2023\/10\/WhatsApp-Image-2023-10-23-at-21.41.43-1152x1536.jpeg 1152w, https:\/\/ich-bei-ipp.at\/blog\/wp-content\/uploads\/2023\/10\/WhatsApp-Image-2023-10-23-at-21.41.43.jpeg 1200w\" sizes=\"(max-width: 768px) 100vw, 768px\" \/><\/a><\/figure>\n\n\n\n<figure class=\"wp-block-image size-large\"><a href=\"https:\/\/ich-bei-ipp.at\/blog\/wp-content\/uploads\/2023\/10\/WhatsApp-Image-2023-10-23-at-21.41.43-1.jpeg\"><img loading=\"lazy\" decoding=\"async\" width=\"768\" height=\"1024\" data-id=\"2129\" src=\"https:\/\/ich-bei-ipp.at\/blog\/wp-content\/uploads\/2023\/10\/WhatsApp-Image-2023-10-23-at-21.41.43-1-768x1024.jpeg\" alt=\"\" class=\"wp-image-2129\" srcset=\"https:\/\/ich-bei-ipp.at\/blog\/wp-content\/uploads\/2023\/10\/WhatsApp-Image-2023-10-23-at-21.41.43-1-768x1024.jpeg 768w, https:\/\/ich-bei-ipp.at\/blog\/wp-content\/uploads\/2023\/10\/WhatsApp-Image-2023-10-23-at-21.41.43-1-225x300.jpeg 225w, https:\/\/ich-bei-ipp.at\/blog\/wp-content\/uploads\/2023\/10\/WhatsApp-Image-2023-10-23-at-21.41.43-1-1152x1536.jpeg 1152w, https:\/\/ich-bei-ipp.at\/blog\/wp-content\/uploads\/2023\/10\/WhatsApp-Image-2023-10-23-at-21.41.43-1.jpeg 1200w\" sizes=\"(max-width: 768px) 100vw, 768px\" \/><\/a><\/figure>\n\n\n\n<figure class=\"wp-block-image size-large\"><a href=\"https:\/\/ich-bei-ipp.at\/blog\/wp-content\/uploads\/2023\/10\/WhatsApp-Image-2023-10-23-at-21.42.17-2.jpeg\"><img loading=\"lazy\" decoding=\"async\" width=\"768\" height=\"1024\" data-id=\"2126\" src=\"https:\/\/ich-bei-ipp.at\/blog\/wp-content\/uploads\/2023\/10\/WhatsApp-Image-2023-10-23-at-21.42.17-2-768x1024.jpeg\" alt=\"\" class=\"wp-image-2126\" srcset=\"https:\/\/ich-bei-ipp.at\/blog\/wp-content\/uploads\/2023\/10\/WhatsApp-Image-2023-10-23-at-21.42.17-2-768x1024.jpeg 768w, https:\/\/ich-bei-ipp.at\/blog\/wp-content\/uploads\/2023\/10\/WhatsApp-Image-2023-10-23-at-21.42.17-2-225x300.jpeg 225w, https:\/\/ich-bei-ipp.at\/blog\/wp-content\/uploads\/2023\/10\/WhatsApp-Image-2023-10-23-at-21.42.17-2-1152x1536.jpeg 1152w, https:\/\/ich-bei-ipp.at\/blog\/wp-content\/uploads\/2023\/10\/WhatsApp-Image-2023-10-23-at-21.42.17-2.jpeg 1200w\" sizes=\"(max-width: 768px) 100vw, 768px\" \/><\/a><\/figure>\n<\/figure>\n","protected":false},"excerpt":{"rendered":"<p>Gerade wenn die Tage k\u00fchler werden, macht das Wandern noch mehr Spa\u00df! Die Natur zeigt sich von einer ganz besonderes sch\u00f6nen Seite. Es ist auf keinen Fall zu hei\u00df um lange drau\u00dfen zu sein. Was gibt es dann Sch\u00f6neres, als gemeinsam durch die farbenpr\u00e4chtige Landschaft zu wandern? Am 22.10.2023 machten sich die IPP-Gastgeber der Schwarz [&hellip;]<\/p>\n","protected":false},"author":1,"featured_media":2123,"comment_status":"closed","ping_status":"closed","sticky":false,"template":"","format":"standard","meta":{"footnotes":""},"categories":[4],"tags":[],"wps_subtitle":"Mit der ganzen Familie!","_links":{"self":[{"href":"https:\/\/ich-bei-ipp.at\/blog\/wp-json\/wp\/v2\/posts\/2142"}],"collection":[{"href":"https:\/\/ich-bei-ipp.at\/blog\/wp-json\/wp\/v2\/posts"}],"about":[{"href":"https:\/\/ich-bei-ipp.at\/blog\/wp-json\/wp\/v2\/types\/post"}],"author":[{"embeddable":true,"href":"https:\/\/ich-bei-ipp.at\/blog\/wp-json\/wp\/v2\/users\/1"}],"replies":[{"embeddable":true,"href":"https:\/\/ich-bei-ipp.at\/blog\/wp-json\/wp\/v2\/comments?post=2142"}],"version-history":[{"count":12,"href":"https:\/\/ich-bei-ipp.at\/blog\/wp-json\/wp\/v2\/posts\/2142\/revisions"}],"predecessor-version":[{"id":2219,"href":"https:\/\/ich-bei-ipp.at\/blog\/wp-json\/wp\/v2\/posts\/2142\/revisions\/2219"}],"wp:featuredmedia":[{"embeddable":true,"href":"https:\/\/ich-bei-ipp.at\/blog\/wp-json\/wp\/v2\/media\/2123"}],"wp:attachment":[{"href":"https:\/\/ich-bei-ipp.at\/blog\/wp-json\/wp\/v2\/media?parent=2142"}],"wp:term":[{"taxonomy":"category","embeddable":true,"href":"https:\/\/ich-bei-ipp.at\/blog\/wp-json\/wp\/v2\/categories?post=2142"},{"taxonomy":"post_tag","embeddable":true,"href":"https:\/\/ich-bei-ipp.at\/blog\/wp-json\/wp\/v2\/tags?post=2142"}],"curies":[{"name":"wp","href":"https:\/\/api.w.org\/{rel}","templated":true}]}}