{"id":2706,"date":"2024-08-23T18:16:28","date_gmt":"2024-08-23T16:16:28","guid":{"rendered":"https:\/\/ich-bei-ipp.at\/blog\/?p=2706"},"modified":"2024-09-12T14:55:00","modified_gmt":"2024-09-12T12:55:00","slug":"goenn-dir-ein-eis","status":"publish","type":"post","link":"https:\/\/ich-bei-ipp.at\/blog\/2024\/08\/23\/goenn-dir-ein-eis\/","title":{"rendered":"G\u00d6NN DIR ein Eis!"},"content":{"rendered":"\n<p>Laura schickt mit ihrem Team sommerliche Gr\u00fc\u00dfe aus Kufstein &#8211; inklusive einer frischen Abk\u00fchlung! \ud83c\udf66 Ganz im IPP Spirit verteilte Hotelleiterin Laura auch heuer wieder Eis am Stiel an ihr ganzes Team. <\/p>\n\n\n\n<p>So macht die Arbeit selbst im hei\u00dfen Sommer Spa\u00df! \ud83d\ude0a<\/p>\n\n\n\n<figure class=\"wp-block-gallery has-nested-images columns-default is-cropped fancybox wp-block-gallery-1 is-layout-flex wp-block-gallery-is-layout-flex\">\n<figure class=\"wp-block-image size-large\"><a href=\"https:\/\/ich-bei-ipp.at\/blog\/wp-content\/uploads\/2024\/08\/WhatsApp-Image-2024-08-23-at-13.55.24-1.jpeg\"><img loading=\"lazy\" decoding=\"async\" width=\"768\" height=\"1024\" data-id=\"2737\" src=\"https:\/\/ich-bei-ipp.at\/blog\/wp-content\/uploads\/2024\/08\/WhatsApp-Image-2024-08-23-at-13.55.24-1-768x1024.jpeg\" alt=\"\" class=\"wp-image-2737\" srcset=\"https:\/\/ich-bei-ipp.at\/blog\/wp-content\/uploads\/2024\/08\/WhatsApp-Image-2024-08-23-at-13.55.24-1-768x1024.jpeg 768w, https:\/\/ich-bei-ipp.at\/blog\/wp-content\/uploads\/2024\/08\/WhatsApp-Image-2024-08-23-at-13.55.24-1-225x300.jpeg 225w, https:\/\/ich-bei-ipp.at\/blog\/wp-content\/uploads\/2024\/08\/WhatsApp-Image-2024-08-23-at-13.55.24-1-1152x1536.jpeg 1152w, https:\/\/ich-bei-ipp.at\/blog\/wp-content\/uploads\/2024\/08\/WhatsApp-Image-2024-08-23-at-13.55.24-1.jpeg 1536w\" sizes=\"(max-width: 768px) 100vw, 768px\" \/><\/a><\/figure>\n\n\n\n<figure class=\"wp-block-image size-large\"><a href=\"https:\/\/ich-bei-ipp.at\/blog\/wp-content\/uploads\/2024\/08\/WhatsApp-Image-2024-08-23-at-13.55.24-2-scaled.jpeg\"><img loading=\"lazy\" decoding=\"async\" width=\"765\" height=\"1024\" data-id=\"2736\" src=\"https:\/\/ich-bei-ipp.at\/blog\/wp-content\/uploads\/2024\/08\/WhatsApp-Image-2024-08-23-at-13.55.24-2-765x1024.jpeg\" alt=\"\" class=\"wp-image-2736\" srcset=\"https:\/\/ich-bei-ipp.at\/blog\/wp-content\/uploads\/2024\/08\/WhatsApp-Image-2024-08-23-at-13.55.24-2-765x1024.jpeg 765w, https:\/\/ich-bei-ipp.at\/blog\/wp-content\/uploads\/2024\/08\/WhatsApp-Image-2024-08-23-at-13.55.24-2-224x300.jpeg 224w, https:\/\/ich-bei-ipp.at\/blog\/wp-content\/uploads\/2024\/08\/WhatsApp-Image-2024-08-23-at-13.55.24-2-768x1028.jpeg 768w, https:\/\/ich-bei-ipp.at\/blog\/wp-content\/uploads\/2024\/08\/WhatsApp-Image-2024-08-23-at-13.55.24-2-1147x1536.jpeg 1147w, https:\/\/ich-bei-ipp.at\/blog\/wp-content\/uploads\/2024\/08\/WhatsApp-Image-2024-08-23-at-13.55.24-2-1530x2048.jpeg 1530w, https:\/\/ich-bei-ipp.at\/blog\/wp-content\/uploads\/2024\/08\/WhatsApp-Image-2024-08-23-at-13.55.24-2-scaled.jpeg 1912w\" sizes=\"(max-width: 765px) 100vw, 765px\" \/><\/a><\/figure>\n\n\n\n<figure class=\"wp-block-image size-large\"><a href=\"https:\/\/ich-bei-ipp.at\/blog\/wp-content\/uploads\/2024\/08\/WhatsApp-Image-2024-08-23-at-13.55.24.jpeg\"><img loading=\"lazy\" decoding=\"async\" width=\"1024\" height=\"768\" data-id=\"2738\" src=\"https:\/\/ich-bei-ipp.at\/blog\/wp-content\/uploads\/2024\/08\/WhatsApp-Image-2024-08-23-at-13.55.24-1024x768.jpeg\" alt=\"\" class=\"wp-image-2738\" srcset=\"https:\/\/ich-bei-ipp.at\/blog\/wp-content\/uploads\/2024\/08\/WhatsApp-Image-2024-08-23-at-13.55.24-1024x768.jpeg 1024w, https:\/\/ich-bei-ipp.at\/blog\/wp-content\/uploads\/2024\/08\/WhatsApp-Image-2024-08-23-at-13.55.24-300x225.jpeg 300w, https:\/\/ich-bei-ipp.at\/blog\/wp-content\/uploads\/2024\/08\/WhatsApp-Image-2024-08-23-at-13.55.24-768x576.jpeg 768w, https:\/\/ich-bei-ipp.at\/blog\/wp-content\/uploads\/2024\/08\/WhatsApp-Image-2024-08-23-at-13.55.24-1536x1152.jpeg 1536w, https:\/\/ich-bei-ipp.at\/blog\/wp-content\/uploads\/2024\/08\/WhatsApp-Image-2024-08-23-at-13.55.24.jpeg 2048w\" sizes=\"(max-width: 1024px) 100vw, 1024px\" \/><\/a><\/figure>\n<\/figure>\n","protected":false},"excerpt":{"rendered":"<p>Laura schickt mit ihrem Team sommerliche Gr\u00fc\u00dfe aus Kufstein &#8211; inklusive einer frischen Abk\u00fchlung! \ud83c\udf66 Ganz im IPP Spirit verteilte Hotelleiterin Laura auch heuer wieder Eis am Stiel an ihr ganzes Team. So macht die Arbeit selbst im hei\u00dfen Sommer Spa\u00df! \ud83d\ude0a<\/p>\n","protected":false},"author":1,"featured_media":2729,"comment_status":"closed","ping_status":"closed","sticky":false,"template":"","format":"standard","meta":{"footnotes":""},"categories":[7],"tags":[],"wps_subtitle":"","_links":{"self":[{"href":"https:\/\/ich-bei-ipp.at\/blog\/wp-json\/wp\/v2\/posts\/2706"}],"collection":[{"href":"https:\/\/ich-bei-ipp.at\/blog\/wp-json\/wp\/v2\/posts"}],"about":[{"href":"https:\/\/ich-bei-ipp.at\/blog\/wp-json\/wp\/v2\/types\/post"}],"author":[{"embeddable":true,"href":"https:\/\/ich-bei-ipp.at\/blog\/wp-json\/wp\/v2\/users\/1"}],"replies":[{"embeddable":true,"href":"https:\/\/ich-bei-ipp.at\/blog\/wp-json\/wp\/v2\/comments?post=2706"}],"version-history":[{"count":2,"href":"https:\/\/ich-bei-ipp.at\/blog\/wp-json\/wp\/v2\/posts\/2706\/revisions"}],"predecessor-version":[{"id":2739,"href":"https:\/\/ich-bei-ipp.at\/blog\/wp-json\/wp\/v2\/posts\/2706\/revisions\/2739"}],"wp:featuredmedia":[{"embeddable":true,"href":"https:\/\/ich-bei-ipp.at\/blog\/wp-json\/wp\/v2\/media\/2729"}],"wp:attachment":[{"href":"https:\/\/ich-bei-ipp.at\/blog\/wp-json\/wp\/v2\/media?parent=2706"}],"wp:term":[{"taxonomy":"category","embeddable":true,"href":"https:\/\/ich-bei-ipp.at\/blog\/wp-json\/wp\/v2\/categories?post=2706"},{"taxonomy":"post_tag","embeddable":true,"href":"https:\/\/ich-bei-ipp.at\/blog\/wp-json\/wp\/v2\/tags?post=2706"}],"curies":[{"name":"wp","href":"https:\/\/api.w.org\/{rel}","templated":true}]}}