{"id":2955,"date":"2024-11-11T15:10:44","date_gmt":"2024-11-11T14:10:44","guid":{"rendered":"https:\/\/ich-bei-ipp.at\/blog\/?p=2955"},"modified":"2025-01-09T18:57:20","modified_gmt":"2025-01-09T17:57:20","slug":"neue-hotelleitung-in-wieselburg","status":"publish","type":"post","link":"https:\/\/ich-bei-ipp.at\/blog\/2024\/11\/11\/neue-hotelleitung-in-wieselburg\/","title":{"rendered":"Stefanie Fuchs ist neue Resident Managerin in Wieselburg"},"content":{"rendered":"\n<p>Die 27-j\u00e4hrige Stefanie Fuchs ist eine waschechte Mostviertlerin! Bereits seit der Er\u00f6ffnung im Jahr 2017 ist sie im I&#8217;m Inn Wieselburg t\u00e4tig. Ihre Lehre hat sie im Hotel Metropol in St. P\u00f6lten gemacht.<\/p>\n\n\n\n<p>Mit der Absolvierung der \u00d6HV Abteilungsleiterakademie erweiterte sie ihr Fachwissen und hat mit 01.11. als Resident-Manager die Hotelleitung in Wieselburg \u00fcbernommen.<\/p>\n\n\n\n<p>Liebe Steffi, weiterhin viel Freude bei uns und Erfolg mit deiner neuen Herausforderung!<\/p>\n","protected":false},"excerpt":{"rendered":"<p>Die 27-j\u00e4hrige Stefanie Fuchs ist eine waschechte Mostviertlerin! Bereits seit der Er\u00f6ffnung im Jahr 2017 ist sie im I&#8217;m Inn Wieselburg t\u00e4tig. Ihre Lehre hat sie im Hotel Metropol in St. P\u00f6lten gemacht. Mit der Absolvierung der \u00d6HV Abteilungsleiterakademie erweiterte sie ihr Fachwissen und hat mit 01.11. als Resident-Manager die Hotelleitung in Wieselburg \u00fcbernommen. Liebe [&hellip;]<\/p>\n","protected":false},"author":1,"featured_media":2969,"comment_status":"closed","ping_status":"closed","sticky":false,"template":"","format":"standard","meta":{"footnotes":""},"categories":[5],"tags":[],"wps_subtitle":"","_links":{"self":[{"href":"https:\/\/ich-bei-ipp.at\/blog\/wp-json\/wp\/v2\/posts\/2955"}],"collection":[{"href":"https:\/\/ich-bei-ipp.at\/blog\/wp-json\/wp\/v2\/posts"}],"about":[{"href":"https:\/\/ich-bei-ipp.at\/blog\/wp-json\/wp\/v2\/types\/post"}],"author":[{"embeddable":true,"href":"https:\/\/ich-bei-ipp.at\/blog\/wp-json\/wp\/v2\/users\/1"}],"replies":[{"embeddable":true,"href":"https:\/\/ich-bei-ipp.at\/blog\/wp-json\/wp\/v2\/comments?post=2955"}],"version-history":[{"count":4,"href":"https:\/\/ich-bei-ipp.at\/blog\/wp-json\/wp\/v2\/posts\/2955\/revisions"}],"predecessor-version":[{"id":2998,"href":"https:\/\/ich-bei-ipp.at\/blog\/wp-json\/wp\/v2\/posts\/2955\/revisions\/2998"}],"wp:featuredmedia":[{"embeddable":true,"href":"https:\/\/ich-bei-ipp.at\/blog\/wp-json\/wp\/v2\/media\/2969"}],"wp:attachment":[{"href":"https:\/\/ich-bei-ipp.at\/blog\/wp-json\/wp\/v2\/media?parent=2955"}],"wp:term":[{"taxonomy":"category","embeddable":true,"href":"https:\/\/ich-bei-ipp.at\/blog\/wp-json\/wp\/v2\/categories?post=2955"},{"taxonomy":"post_tag","embeddable":true,"href":"https:\/\/ich-bei-ipp.at\/blog\/wp-json\/wp\/v2\/tags?post=2955"}],"curies":[{"name":"wp","href":"https:\/\/api.w.org\/{rel}","templated":true}]}}