{"id":3544,"date":"2025-09-12T10:47:00","date_gmt":"2025-09-12T08:47:00","guid":{"rendered":"https:\/\/ich-bei-ipp.at\/blog\/?p=3544"},"modified":"2026-01-21T10:32:48","modified_gmt":"2026-01-21T09:32:48","slug":"das-sagen-unsere-2025er-praktikanteninnen","status":"publish","type":"post","link":"https:\/\/ich-bei-ipp.at\/blog\/2025\/09\/12\/das-sagen-unsere-2025er-praktikanteninnen\/","title":{"rendered":"Das sagen unsere 2025er Praktikanten*innen"},"content":{"rendered":"\n<p>Ein Sommerpraktikum ist in vielen Schulen am Lehrplan enthalten und jedes Jahr absolvieren junge Menschen dieses in unseren IPP Hotels. Auch jobben manche freiwillig um Erfahrung zu sammeln und Geld zu verdienen. Einige kommen mehrere Jahre hintereinander in verschiedene IPP Hotels. Umso mehr freuen wir uns, wenn wir nach abgeschlossener Ausbildung Bewerbungen zur Festanstellung erhalten. Unsere Praktikanten*innen bekommen auf Wunsch ein Personalzimmer und Verpflegung. Sie arbeiten nat\u00fcrlich nur 5 Tage\/Woche ohne \u00dcberstunden. F\u00fcrs Onboarding sorgt ein pers\u00f6nliches Buddyship.<\/p>\n\n\n\n<p>Hier findest du die Kommentare unserer Praktikanten*innen vom Sommer 2025:<\/p>\n\n\n\n<figure class=\"wp-block-image size-large\"><img loading=\"lazy\" decoding=\"async\" width=\"1024\" height=\"684\" src=\"https:\/\/ich-bei-ipp.at\/blog\/wp-content\/uploads\/2025\/09\/Praktikantin-Alm-1024x684.jpg\" alt=\"\" class=\"wp-image-3627\" srcset=\"https:\/\/ich-bei-ipp.at\/blog\/wp-content\/uploads\/2025\/09\/Praktikantin-Alm-1024x684.jpg 1024w, https:\/\/ich-bei-ipp.at\/blog\/wp-content\/uploads\/2025\/09\/Praktikantin-Alm-300x200.jpg 300w, https:\/\/ich-bei-ipp.at\/blog\/wp-content\/uploads\/2025\/09\/Praktikantin-Alm-768x513.jpg 768w, https:\/\/ich-bei-ipp.at\/blog\/wp-content\/uploads\/2025\/09\/Praktikantin-Alm-1536x1026.jpg 1536w, https:\/\/ich-bei-ipp.at\/blog\/wp-content\/uploads\/2025\/09\/Praktikantin-Alm.jpg 1615w\" sizes=\"(max-width: 1024px) 100vw, 1024px\" \/><\/figure>\n\n\n\n<blockquote class=\"wp-block-quote is-style-default\">\n<p>Mein Praktikum im Service, in der Schwarz Alm Zwettl, war wirklich eine tolle Erfahrung und bislang mein Bestes und Lehrreichstes. Bereits an meinem zweiten Tag wurde mir das Vertrauen entgegengebracht und mir wurde eine eigene Station zugeteilt und so habe ich sehr schnell gelernt mit dieser umzugehen. Nat\u00fcrlich hatte ich die hilfsbereite Unterst\u00fctzung meiner Kollegen. W\u00e4hrend der 12 Wochen wurde mir auch immer eine gewisse Verantwortung zugetraut und so war die Arbeit nie eint\u00f6nig. Das gesamte Team besteht aus sehr herzlichen und kompetenten Mitarbeiter:innen, von denen ich sehr froh bin, sie kennengelernt zu haben und auch einiges von ihnen lernen konnte. Generell war es ein sehr sch\u00f6ner, lustiger und lehrreicher Sommer.<\/p>\n<cite>Hanna \/ Schwarz Alm Zwettl<\/cite><\/blockquote>\n\n\n\n<hr class=\"wp-block-separator has-css-opacity is-style-wide\"\/>\n\n\n\n<div style=\"height:100px\" aria-hidden=\"true\" class=\"wp-block-spacer\"><\/div>\n\n\n\n<figure class=\"wp-block-image size-large\"><img loading=\"lazy\" decoding=\"async\" width=\"1024\" height=\"684\" src=\"https:\/\/ich-bei-ipp.at\/blog\/wp-content\/uploads\/2025\/09\/Praktikantin-Althof-2-1024x684.jpg\" alt=\"\" class=\"wp-image-3628\" srcset=\"https:\/\/ich-bei-ipp.at\/blog\/wp-content\/uploads\/2025\/09\/Praktikantin-Althof-2-1024x684.jpg 1024w, https:\/\/ich-bei-ipp.at\/blog\/wp-content\/uploads\/2025\/09\/Praktikantin-Althof-2-300x200.jpg 300w, https:\/\/ich-bei-ipp.at\/blog\/wp-content\/uploads\/2025\/09\/Praktikantin-Althof-2-768x513.jpg 768w, https:\/\/ich-bei-ipp.at\/blog\/wp-content\/uploads\/2025\/09\/Praktikantin-Althof-2-1536x1026.jpg 1536w, https:\/\/ich-bei-ipp.at\/blog\/wp-content\/uploads\/2025\/09\/Praktikantin-Althof-2.jpg 1615w\" sizes=\"(max-width: 1024px) 100vw, 1024px\" \/><\/figure>\n\n\n\n<blockquote class=\"wp-block-quote is-style-default\">\n<p>F\u00fcr mich waren es wieder wundersch\u00f6ne Wochen in einer gewohnten Umgebung mit netten Kollegen und sehr freundlichen G\u00e4sten, f\u00fcr mich ist der Althof wie mein zweites Zuhause. Vielen Dank f\u00fcr das respektvolles Miteinander.<\/p>\n<cite>Mabel \/ Althof Retz<\/cite><\/blockquote>\n\n\n\n<p>Mabel hat ihre Praktika schon auf der Schwarz Alm und nun zum zweiten Mal im Althof absolviert. Sie ist ein Teil der IPP Familie und besucht die HLT Retz.<\/p>\n\n\n\n<hr class=\"wp-block-separator has-css-opacity is-style-wide\"\/>\n\n\n\n<div style=\"height:100px\" aria-hidden=\"true\" class=\"wp-block-spacer\"><\/div>\n\n\n\n<figure class=\"wp-block-image size-large\"><img loading=\"lazy\" decoding=\"async\" width=\"1024\" height=\"684\" src=\"https:\/\/ich-bei-ipp.at\/blog\/wp-content\/uploads\/2025\/09\/Praktikantin-Althof-1-1024x684.jpg\" alt=\"\" class=\"wp-image-3629\" srcset=\"https:\/\/ich-bei-ipp.at\/blog\/wp-content\/uploads\/2025\/09\/Praktikantin-Althof-1-1024x684.jpg 1024w, https:\/\/ich-bei-ipp.at\/blog\/wp-content\/uploads\/2025\/09\/Praktikantin-Althof-1-300x200.jpg 300w, https:\/\/ich-bei-ipp.at\/blog\/wp-content\/uploads\/2025\/09\/Praktikantin-Althof-1-768x513.jpg 768w, https:\/\/ich-bei-ipp.at\/blog\/wp-content\/uploads\/2025\/09\/Praktikantin-Althof-1-1536x1026.jpg 1536w, https:\/\/ich-bei-ipp.at\/blog\/wp-content\/uploads\/2025\/09\/Praktikantin-Althof-1.jpg 1615w\" sizes=\"(max-width: 1024px) 100vw, 1024px\" \/><\/figure>\n\n\n\n<blockquote class=\"wp-block-quote is-style-default\">\n<p>Es war f\u00fcr mich eine sehr spannende Zeit im Althof Retz, teilweise auch etwas stressig. Aber ich habe immer mein Bestes gegeben und konnte das, was ich in der Schule gelernt habe gut umsetzen.<\/p>\n<cite>Denisa \/ Althof Retz<\/cite><\/blockquote>\n\n\n\n<p>Denisa besucht auch die HLT Retz &#8211; sie war unser \u201ekleiner\u201c Wirbelwind. Sie hat sich toll in das Team integriert und die G\u00e4ste waren von Ihren Charme begeistert.<\/p>\n\n\n\n<hr class=\"wp-block-separator has-css-opacity is-style-wide\"\/>\n\n\n\n<div style=\"height:100px\" aria-hidden=\"true\" class=\"wp-block-spacer\"><\/div>\n\n\n\n<figure class=\"wp-block-image size-large\"><img loading=\"lazy\" decoding=\"async\" width=\"1024\" height=\"684\" src=\"https:\/\/ich-bei-ipp.at\/blog\/wp-content\/uploads\/2025\/09\/Praktikantin-Im-Inn-Zwettl-1024x684.jpg\" alt=\"\" class=\"wp-image-3624\" srcset=\"https:\/\/ich-bei-ipp.at\/blog\/wp-content\/uploads\/2025\/09\/Praktikantin-Im-Inn-Zwettl-1024x684.jpg 1024w, https:\/\/ich-bei-ipp.at\/blog\/wp-content\/uploads\/2025\/09\/Praktikantin-Im-Inn-Zwettl-300x200.jpg 300w, https:\/\/ich-bei-ipp.at\/blog\/wp-content\/uploads\/2025\/09\/Praktikantin-Im-Inn-Zwettl-768x513.jpg 768w, https:\/\/ich-bei-ipp.at\/blog\/wp-content\/uploads\/2025\/09\/Praktikantin-Im-Inn-Zwettl-1536x1026.jpg 1536w, https:\/\/ich-bei-ipp.at\/blog\/wp-content\/uploads\/2025\/09\/Praktikantin-Im-Inn-Zwettl.jpg 1615w\" sizes=\"(max-width: 1024px) 100vw, 1024px\" \/><\/figure>\n\n\n\n<blockquote class=\"wp-block-quote is-style-default\">\n<p>Das Praktikum im I\u2019m Inn Zwettl hat mir sehr gut gefallen. Ich wurde von Anfang an herzlich aufgenommen. Mir wurden jegliche Aufgaben zugetraut, wodurch ich wertvolle Erfahrungen sammeln konnte. Meine Kollegen waren sehr hilfsbereit und freundlich. Durch den abwechslungsreich gestalteten Arbeitsalltag verging die 3-monatige Praktikumszeit wie im Flug. DANKE in diesem Sinne an meine Kollegen f\u00fcr die schnelle Aufnahme im Team &amp; die sch\u00f6ne Sommerzeit.<\/p>\n<cite>Anna-Lena \/ I&#8217;m Inn Zwettl &#8211; Hotel zum Brauhaus<\/cite><\/blockquote>\n\n\n\n<hr class=\"wp-block-separator has-css-opacity is-style-wide\"\/>\n\n\n\n<div style=\"height:100px\" aria-hidden=\"true\" class=\"wp-block-spacer\"><\/div>\n\n\n\n<figure class=\"wp-block-image size-large\"><img loading=\"lazy\" decoding=\"async\" width=\"1024\" height=\"684\" src=\"https:\/\/ich-bei-ipp.at\/blog\/wp-content\/uploads\/2025\/09\/Praktikantin-Salzburg-1024x684.jpg\" alt=\"\" class=\"wp-image-3625\" srcset=\"https:\/\/ich-bei-ipp.at\/blog\/wp-content\/uploads\/2025\/09\/Praktikantin-Salzburg-1024x684.jpg 1024w, https:\/\/ich-bei-ipp.at\/blog\/wp-content\/uploads\/2025\/09\/Praktikantin-Salzburg-300x200.jpg 300w, https:\/\/ich-bei-ipp.at\/blog\/wp-content\/uploads\/2025\/09\/Praktikantin-Salzburg-768x513.jpg 768w, https:\/\/ich-bei-ipp.at\/blog\/wp-content\/uploads\/2025\/09\/Praktikantin-Salzburg-1536x1026.jpg 1536w, https:\/\/ich-bei-ipp.at\/blog\/wp-content\/uploads\/2025\/09\/Praktikantin-Salzburg.jpg 1615w\" sizes=\"(max-width: 1024px) 100vw, 1024px\" \/><\/figure>\n\n\n\n<blockquote class=\"wp-block-quote is-style-default\">\n<p>Ich hei\u00dfe Maria und war f\u00fcr 3 Wochen im August 2025 Praktikantin im arte Hotel Salzburg. Ich war an der Rezeption und im Back Office t\u00e4tig. Es war mein 2. Mal im arte Hotel, den ich habe letzten Sommer schon ein 4 w\u00f6chiges Praktikum absolviert. Ich bin zur\u00fcckgekommen, weil es das arte Team kein 2. Mal gibt. Jeden Tag sind alle guter Laune und es gilt generell im Back-Office einen guten Humor mitzubringen. Ich hatte auf jeden Fall\u00a0 wieder eine Menge Spa\u00df und kann das arte Hotel als Arbeitgeber nur w\u00e4rmstens weiterempfehlen.<\/p>\n<cite>Maira \/ arte Hotel Salzburg<\/cite><\/blockquote>\n\n\n\n<hr class=\"wp-block-separator has-css-opacity is-style-wide\"\/>\n\n\n\n<div style=\"height:100px\" aria-hidden=\"true\" class=\"wp-block-spacer\"><\/div>\n\n\n\n<figure class=\"wp-block-image size-large\"><img loading=\"lazy\" decoding=\"async\" width=\"1024\" height=\"684\" src=\"https:\/\/ich-bei-ipp.at\/blog\/wp-content\/uploads\/2025\/09\/Praktikantin-Krems-2-1024x684.jpg\" alt=\"\" class=\"wp-image-3623\" srcset=\"https:\/\/ich-bei-ipp.at\/blog\/wp-content\/uploads\/2025\/09\/Praktikantin-Krems-2-1024x684.jpg 1024w, https:\/\/ich-bei-ipp.at\/blog\/wp-content\/uploads\/2025\/09\/Praktikantin-Krems-2-300x200.jpg 300w, https:\/\/ich-bei-ipp.at\/blog\/wp-content\/uploads\/2025\/09\/Praktikantin-Krems-2-768x513.jpg 768w, https:\/\/ich-bei-ipp.at\/blog\/wp-content\/uploads\/2025\/09\/Praktikantin-Krems-2-1536x1026.jpg 1536w, https:\/\/ich-bei-ipp.at\/blog\/wp-content\/uploads\/2025\/09\/Praktikantin-Krems-2.jpg 1615w\" sizes=\"(max-width: 1024px) 100vw, 1024px\" \/><\/figure>\n\n\n\n<blockquote class=\"wp-block-quote is-style-default\">\n<p>Ich habe mein Sommerpraktikum im arte Hotel Krems absolviert und war begeistert vom gesamten Team. Besonders sch\u00e4tzte ich die einheitlichen Arbeitszeiten und die sch\u00f6ne Arbeitskleidung. Die Abwechslung zwischen meinen Aufgaben an der Rezeption und an der Bar hat mir besonders gut gefallen. F\u00fcr meine Zukunft nehme ich mehr Selbstbewusstsein und Mut mit, die ich w\u00e4hrend des Praktikums gewonnen habe.<\/p>\n<cite>Nadine \/ arte Hotel Krems<\/cite><\/blockquote>\n\n\n\n<hr class=\"wp-block-separator has-css-opacity is-style-wide\"\/>\n\n\n\n<div style=\"height:100px\" aria-hidden=\"true\" class=\"wp-block-spacer\"><\/div>\n\n\n\n<figure class=\"wp-block-image size-large\"><img loading=\"lazy\" decoding=\"async\" width=\"1024\" height=\"684\" src=\"https:\/\/ich-bei-ipp.at\/blog\/wp-content\/uploads\/2025\/09\/Praktikantin-Krems-1-1024x684.jpg\" alt=\"\" class=\"wp-image-3622\" srcset=\"https:\/\/ich-bei-ipp.at\/blog\/wp-content\/uploads\/2025\/09\/Praktikantin-Krems-1-1024x684.jpg 1024w, https:\/\/ich-bei-ipp.at\/blog\/wp-content\/uploads\/2025\/09\/Praktikantin-Krems-1-300x200.jpg 300w, https:\/\/ich-bei-ipp.at\/blog\/wp-content\/uploads\/2025\/09\/Praktikantin-Krems-1-768x513.jpg 768w, https:\/\/ich-bei-ipp.at\/blog\/wp-content\/uploads\/2025\/09\/Praktikantin-Krems-1-1536x1026.jpg 1536w, https:\/\/ich-bei-ipp.at\/blog\/wp-content\/uploads\/2025\/09\/Praktikantin-Krems-1.jpg 1615w\" sizes=\"(max-width: 1024px) 100vw, 1024px\" \/><\/figure>\n\n\n\n<blockquote class=\"wp-block-quote is-style-default\">\n<p>Im Sommer absolvierte ich ein Praktikum im arte Hotel Krems. Besonders sch\u00e4tzte ich meine Kollegen und die herzliche Teamarbeit. Ich konnte viel lernen und nehme sehr viele gute Erinnerungen mit.<\/p>\n<cite>Simona \/ arte Hotel Krems<\/cite><\/blockquote>\n\n\n\n<hr class=\"wp-block-separator has-css-opacity is-style-wide\"\/>\n\n\n\n<div style=\"height:100px\" aria-hidden=\"true\" class=\"wp-block-spacer\"><\/div>\n\n\n\n<figure class=\"wp-block-image size-large\"><img loading=\"lazy\" decoding=\"async\" width=\"1024\" height=\"684\" src=\"https:\/\/ich-bei-ipp.at\/blog\/wp-content\/uploads\/2025\/09\/Praktikantin-Wien-1024x684.jpg\" alt=\"\" class=\"wp-image-3620\" srcset=\"https:\/\/ich-bei-ipp.at\/blog\/wp-content\/uploads\/2025\/09\/Praktikantin-Wien-1024x684.jpg 1024w, https:\/\/ich-bei-ipp.at\/blog\/wp-content\/uploads\/2025\/09\/Praktikantin-Wien-300x200.jpg 300w, https:\/\/ich-bei-ipp.at\/blog\/wp-content\/uploads\/2025\/09\/Praktikantin-Wien-768x513.jpg 768w, https:\/\/ich-bei-ipp.at\/blog\/wp-content\/uploads\/2025\/09\/Praktikantin-Wien-1536x1026.jpg 1536w, https:\/\/ich-bei-ipp.at\/blog\/wp-content\/uploads\/2025\/09\/Praktikantin-Wien.jpg 1615w\" sizes=\"(max-width: 1024px) 100vw, 1024px\" \/><\/figure>\n\n\n\n<blockquote class=\"wp-block-quote is-style-default\">\n<p>Mein zweimonatiges Praktikum im arte Wien war gro\u00df-artig! Ich hab mich an der Rezeption von Anfang an richtig willkommen gef\u00fchlt. Das Team ist hilfsbereit und unterhaltsam! Es war immer jemand da, wenn ich Fragen hatte, und ich konnte viel lernen und direkt auch umsetzen. Danke f\u00fcr die tolle Zeit!<\/p>\n<cite>Marie \/ arte Hotel Wien<\/cite><\/blockquote>\n\n\n\n<hr class=\"wp-block-separator has-css-opacity is-style-wide\"\/>\n\n\n\n<figure class=\"wp-block-image size-large\"><img loading=\"lazy\" decoding=\"async\" width=\"1024\" height=\"684\" src=\"https:\/\/ich-bei-ipp.at\/blog\/wp-content\/uploads\/2025\/09\/Praktikanten-Wien-1024x684.jpg\" alt=\"\" class=\"wp-image-3621\" srcset=\"https:\/\/ich-bei-ipp.at\/blog\/wp-content\/uploads\/2025\/09\/Praktikanten-Wien-1024x684.jpg 1024w, https:\/\/ich-bei-ipp.at\/blog\/wp-content\/uploads\/2025\/09\/Praktikanten-Wien-300x200.jpg 300w, https:\/\/ich-bei-ipp.at\/blog\/wp-content\/uploads\/2025\/09\/Praktikanten-Wien-768x513.jpg 768w, https:\/\/ich-bei-ipp.at\/blog\/wp-content\/uploads\/2025\/09\/Praktikanten-Wien-1536x1026.jpg 1536w, https:\/\/ich-bei-ipp.at\/blog\/wp-content\/uploads\/2025\/09\/Praktikanten-Wien.jpg 1615w\" sizes=\"(max-width: 1024px) 100vw, 1024px\" \/><\/figure>\n\n\n\n<blockquote class=\"wp-block-quote is-style-default\">\n<p><\/p>\n<cite>(vlnr) Franz, Luka und Arda \/ arte Hotel Wien<\/cite><\/blockquote>\n","protected":false},"excerpt":{"rendered":"<p>Ein Sommerpraktikum ist in vielen Schulen am Lehrplan enthalten und jedes Jahr absolvieren junge Menschen dieses in unseren IPP Hotels. Auch jobben manche freiwillig um Erfahrung zu sammeln und Geld zu verdienen. Einige kommen mehrere Jahre hintereinander in verschiedene IPP Hotels. Umso mehr freuen wir uns, wenn wir nach abgeschlossener Ausbildung Bewerbungen zur Festanstellung erhalten. [&hellip;]<\/p>\n","protected":false},"author":1,"featured_media":3630,"comment_status":"closed","ping_status":"closed","sticky":false,"template":"","format":"standard","meta":{"footnotes":""},"categories":[6],"tags":[],"wps_subtitle":"","_links":{"self":[{"href":"https:\/\/ich-bei-ipp.at\/blog\/wp-json\/wp\/v2\/posts\/3544"}],"collection":[{"href":"https:\/\/ich-bei-ipp.at\/blog\/wp-json\/wp\/v2\/posts"}],"about":[{"href":"https:\/\/ich-bei-ipp.at\/blog\/wp-json\/wp\/v2\/types\/post"}],"author":[{"embeddable":true,"href":"https:\/\/ich-bei-ipp.at\/blog\/wp-json\/wp\/v2\/users\/1"}],"replies":[{"embeddable":true,"href":"https:\/\/ich-bei-ipp.at\/blog\/wp-json\/wp\/v2\/comments?post=3544"}],"version-history":[{"count":4,"href":"https:\/\/ich-bei-ipp.at\/blog\/wp-json\/wp\/v2\/posts\/3544\/revisions"}],"predecessor-version":[{"id":3634,"href":"https:\/\/ich-bei-ipp.at\/blog\/wp-json\/wp\/v2\/posts\/3544\/revisions\/3634"}],"wp:featuredmedia":[{"embeddable":true,"href":"https:\/\/ich-bei-ipp.at\/blog\/wp-json\/wp\/v2\/media\/3630"}],"wp:attachment":[{"href":"https:\/\/ich-bei-ipp.at\/blog\/wp-json\/wp\/v2\/media?parent=3544"}],"wp:term":[{"taxonomy":"category","embeddable":true,"href":"https:\/\/ich-bei-ipp.at\/blog\/wp-json\/wp\/v2\/categories?post=3544"},{"taxonomy":"post_tag","embeddable":true,"href":"https:\/\/ich-bei-ipp.at\/blog\/wp-json\/wp\/v2\/tags?post=3544"}],"curies":[{"name":"wp","href":"https:\/\/api.w.org\/{rel}","templated":true}]}}