{"id":3604,"date":"2025-09-02T17:12:56","date_gmt":"2025-09-02T15:12:56","guid":{"rendered":"https:\/\/ich-bei-ipp.at\/blog\/?p=3604"},"modified":"2026-01-21T10:32:59","modified_gmt":"2026-01-21T09:32:59","slug":"teamausflug-arte-wien","status":"publish","type":"post","link":"https:\/\/ich-bei-ipp.at\/blog\/2025\/09\/02\/teamausflug-arte-wien\/","title":{"rendered":"Teamausflug arte Wien"},"content":{"rendered":"\n<p>Am 27. August begab sich das Team von arte Wien auf ein au\u00dfergew\u00f6hnliches Abenteuer: Zun\u00e4chst tauchten wir ein \u2013 im wahrsten Sinne des Wortes \u2013 in die geheimnisvolle Welt des Schwarzlicht-Minigolfs. Leuchtende Farben, schummriges Licht und jede Menge Spa\u00df machten es zu einem echten Erlebnis mit Glow-Garantie. <\/p>\n\n\n\n<p>Im Anschluss wurde es kulinarisch und gem\u00fctlich: In der Leopoldauer Alm lie\u00dfen wir den Tag bei guter Stimmung und noch besserem Essen ausklingen. Ein rundum gelungenes Teamevent, das nicht nur den Zusammenhalt, sondern auch die Lachmuskeln gest\u00e4rkt hat!<\/p>\n\n\n\n<p>Hier unsere liebsten Beweisfotos \ud83d\ude0a\u00a0<\/p>\n\n\n\n<figure class=\"wp-block-gallery has-nested-images columns-default is-cropped fancybox wp-block-gallery-1 is-layout-flex wp-block-gallery-is-layout-flex\">\n<figure class=\"wp-block-image size-large\"><a href=\"https:\/\/ich-bei-ipp.at\/blog\/wp-content\/uploads\/2025\/09\/Blacklite-Arena-scaled.jpg\"><img loading=\"lazy\" decoding=\"async\" width=\"768\" height=\"1024\" data-id=\"3612\" src=\"https:\/\/ich-bei-ipp.at\/blog\/wp-content\/uploads\/2025\/09\/Blacklite-Arena-768x1024.jpg\" alt=\"\" class=\"wp-image-3612\" srcset=\"https:\/\/ich-bei-ipp.at\/blog\/wp-content\/uploads\/2025\/09\/Blacklite-Arena-768x1024.jpg 768w, https:\/\/ich-bei-ipp.at\/blog\/wp-content\/uploads\/2025\/09\/Blacklite-Arena-225x300.jpg 225w, https:\/\/ich-bei-ipp.at\/blog\/wp-content\/uploads\/2025\/09\/Blacklite-Arena-1152x1536.jpg 1152w, https:\/\/ich-bei-ipp.at\/blog\/wp-content\/uploads\/2025\/09\/Blacklite-Arena-1536x2048.jpg 1536w, https:\/\/ich-bei-ipp.at\/blog\/wp-content\/uploads\/2025\/09\/Blacklite-Arena-scaled.jpg 1920w\" sizes=\"(max-width: 768px) 100vw, 768px\" \/><\/a><\/figure>\n\n\n\n<figure class=\"wp-block-image size-large\"><a href=\"https:\/\/ich-bei-ipp.at\/blog\/wp-content\/uploads\/2025\/09\/Gruppe.jpg\"><img loading=\"lazy\" decoding=\"async\" width=\"1024\" height=\"768\" data-id=\"3607\" src=\"https:\/\/ich-bei-ipp.at\/blog\/wp-content\/uploads\/2025\/09\/Gruppe-1024x768.jpg\" alt=\"\" class=\"wp-image-3607\" srcset=\"https:\/\/ich-bei-ipp.at\/blog\/wp-content\/uploads\/2025\/09\/Gruppe-1024x768.jpg 1024w, https:\/\/ich-bei-ipp.at\/blog\/wp-content\/uploads\/2025\/09\/Gruppe-300x225.jpg 300w, https:\/\/ich-bei-ipp.at\/blog\/wp-content\/uploads\/2025\/09\/Gruppe-768x576.jpg 768w, https:\/\/ich-bei-ipp.at\/blog\/wp-content\/uploads\/2025\/09\/Gruppe-1536x1152.jpg 1536w, https:\/\/ich-bei-ipp.at\/blog\/wp-content\/uploads\/2025\/09\/Gruppe.jpg 1600w\" sizes=\"(max-width: 1024px) 100vw, 1024px\" \/><\/a><\/figure>\n\n\n\n<figure class=\"wp-block-image size-large\"><a href=\"https:\/\/ich-bei-ipp.at\/blog\/wp-content\/uploads\/2025\/09\/Nazar-Felix-Franz-und-Luka-scaled.jpg\"><img loading=\"lazy\" decoding=\"async\" width=\"1024\" height=\"978\" data-id=\"3613\" src=\"https:\/\/ich-bei-ipp.at\/blog\/wp-content\/uploads\/2025\/09\/Nazar-Felix-Franz-und-Luka-1024x978.jpg\" alt=\"\" class=\"wp-image-3613\" srcset=\"https:\/\/ich-bei-ipp.at\/blog\/wp-content\/uploads\/2025\/09\/Nazar-Felix-Franz-und-Luka-1024x978.jpg 1024w, https:\/\/ich-bei-ipp.at\/blog\/wp-content\/uploads\/2025\/09\/Nazar-Felix-Franz-und-Luka-300x287.jpg 300w, https:\/\/ich-bei-ipp.at\/blog\/wp-content\/uploads\/2025\/09\/Nazar-Felix-Franz-und-Luka-768x734.jpg 768w, https:\/\/ich-bei-ipp.at\/blog\/wp-content\/uploads\/2025\/09\/Nazar-Felix-Franz-und-Luka-1536x1468.jpg 1536w, https:\/\/ich-bei-ipp.at\/blog\/wp-content\/uploads\/2025\/09\/Nazar-Felix-Franz-und-Luka-2048x1957.jpg 2048w\" sizes=\"(max-width: 1024px) 100vw, 1024px\" \/><\/a><\/figure>\n\n\n\n<figure class=\"wp-block-image size-large\"><a href=\"https:\/\/ich-bei-ipp.at\/blog\/wp-content\/uploads\/2025\/09\/Herr-Ipp-Christoph.jpg\"><img loading=\"lazy\" decoding=\"async\" width=\"768\" height=\"1024\" data-id=\"3609\" src=\"https:\/\/ich-bei-ipp.at\/blog\/wp-content\/uploads\/2025\/09\/Herr-Ipp-Christoph-768x1024.jpg\" alt=\"\" class=\"wp-image-3609\" srcset=\"https:\/\/ich-bei-ipp.at\/blog\/wp-content\/uploads\/2025\/09\/Herr-Ipp-Christoph-768x1024.jpg 768w, https:\/\/ich-bei-ipp.at\/blog\/wp-content\/uploads\/2025\/09\/Herr-Ipp-Christoph-225x300.jpg 225w, https:\/\/ich-bei-ipp.at\/blog\/wp-content\/uploads\/2025\/09\/Herr-Ipp-Christoph-1152x1536.jpg 1152w, https:\/\/ich-bei-ipp.at\/blog\/wp-content\/uploads\/2025\/09\/Herr-Ipp-Christoph.jpg 1200w\" sizes=\"(max-width: 768px) 100vw, 768px\" \/><\/a><\/figure>\n\n\n\n<figure class=\"wp-block-image size-large\"><a href=\"https:\/\/ich-bei-ipp.at\/blog\/wp-content\/uploads\/2025\/09\/Natalia-Joanna-Herr-Ipp.jpg\"><img loading=\"lazy\" decoding=\"async\" width=\"1024\" height=\"768\" data-id=\"3610\" src=\"https:\/\/ich-bei-ipp.at\/blog\/wp-content\/uploads\/2025\/09\/Natalia-Joanna-Herr-Ipp-1024x768.jpg\" alt=\"\" class=\"wp-image-3610\" srcset=\"https:\/\/ich-bei-ipp.at\/blog\/wp-content\/uploads\/2025\/09\/Natalia-Joanna-Herr-Ipp-1024x768.jpg 1024w, https:\/\/ich-bei-ipp.at\/blog\/wp-content\/uploads\/2025\/09\/Natalia-Joanna-Herr-Ipp-300x225.jpg 300w, https:\/\/ich-bei-ipp.at\/blog\/wp-content\/uploads\/2025\/09\/Natalia-Joanna-Herr-Ipp-768x576.jpg 768w, https:\/\/ich-bei-ipp.at\/blog\/wp-content\/uploads\/2025\/09\/Natalia-Joanna-Herr-Ipp-1536x1152.jpg 1536w, https:\/\/ich-bei-ipp.at\/blog\/wp-content\/uploads\/2025\/09\/Natalia-Joanna-Herr-Ipp.jpg 1600w\" sizes=\"(max-width: 1024px) 100vw, 1024px\" \/><\/a><\/figure>\n\n\n\n<figure class=\"wp-block-image size-large\"><a href=\"https:\/\/ich-bei-ipp.at\/blog\/wp-content\/uploads\/2025\/09\/Patrick-Luka-Felix.jpg\"><img loading=\"lazy\" decoding=\"async\" width=\"768\" height=\"1024\" data-id=\"3605\" src=\"https:\/\/ich-bei-ipp.at\/blog\/wp-content\/uploads\/2025\/09\/Patrick-Luka-Felix-768x1024.jpg\" alt=\"\" class=\"wp-image-3605\" srcset=\"https:\/\/ich-bei-ipp.at\/blog\/wp-content\/uploads\/2025\/09\/Patrick-Luka-Felix-768x1024.jpg 768w, https:\/\/ich-bei-ipp.at\/blog\/wp-content\/uploads\/2025\/09\/Patrick-Luka-Felix-225x300.jpg 225w, https:\/\/ich-bei-ipp.at\/blog\/wp-content\/uploads\/2025\/09\/Patrick-Luka-Felix-1152x1536.jpg 1152w, https:\/\/ich-bei-ipp.at\/blog\/wp-content\/uploads\/2025\/09\/Patrick-Luka-Felix.jpg 1200w\" sizes=\"(max-width: 768px) 100vw, 768px\" \/><\/a><\/figure>\n\n\n\n<figure class=\"wp-block-image size-large\"><a href=\"https:\/\/ich-bei-ipp.at\/blog\/wp-content\/uploads\/2025\/09\/Tamas-Dani-Ana-Laura-Natalia-Joanna.jpg\"><img loading=\"lazy\" decoding=\"async\" width=\"768\" height=\"1024\" data-id=\"3606\" src=\"https:\/\/ich-bei-ipp.at\/blog\/wp-content\/uploads\/2025\/09\/Tamas-Dani-Ana-Laura-Natalia-Joanna-768x1024.jpg\" alt=\"\" class=\"wp-image-3606\" srcset=\"https:\/\/ich-bei-ipp.at\/blog\/wp-content\/uploads\/2025\/09\/Tamas-Dani-Ana-Laura-Natalia-Joanna-768x1024.jpg 768w, https:\/\/ich-bei-ipp.at\/blog\/wp-content\/uploads\/2025\/09\/Tamas-Dani-Ana-Laura-Natalia-Joanna-225x300.jpg 225w, https:\/\/ich-bei-ipp.at\/blog\/wp-content\/uploads\/2025\/09\/Tamas-Dani-Ana-Laura-Natalia-Joanna-1152x1536.jpg 1152w, https:\/\/ich-bei-ipp.at\/blog\/wp-content\/uploads\/2025\/09\/Tamas-Dani-Ana-Laura-Natalia-Joanna.jpg 1200w\" sizes=\"(max-width: 768px) 100vw, 768px\" \/><\/a><\/figure>\n\n\n\n<figure class=\"wp-block-image size-large\"><a href=\"https:\/\/ich-bei-ipp.at\/blog\/wp-content\/uploads\/2025\/09\/Happy-Guenter.jpg\"><img loading=\"lazy\" decoding=\"async\" width=\"768\" height=\"1024\" data-id=\"3608\" src=\"https:\/\/ich-bei-ipp.at\/blog\/wp-content\/uploads\/2025\/09\/Happy-Guenter-768x1024.jpg\" alt=\"\" class=\"wp-image-3608\" srcset=\"https:\/\/ich-bei-ipp.at\/blog\/wp-content\/uploads\/2025\/09\/Happy-Guenter-768x1024.jpg 768w, https:\/\/ich-bei-ipp.at\/blog\/wp-content\/uploads\/2025\/09\/Happy-Guenter-225x300.jpg 225w, https:\/\/ich-bei-ipp.at\/blog\/wp-content\/uploads\/2025\/09\/Happy-Guenter-1152x1536.jpg 1152w, https:\/\/ich-bei-ipp.at\/blog\/wp-content\/uploads\/2025\/09\/Happy-Guenter.jpg 1200w\" sizes=\"(max-width: 768px) 100vw, 768px\" \/><\/a><\/figure>\n\n\n\n<figure class=\"wp-block-image size-large\"><a href=\"https:\/\/ich-bei-ipp.at\/blog\/wp-content\/uploads\/2025\/09\/Leopoldauer-Alm.jpg\"><img loading=\"lazy\" decoding=\"async\" width=\"1024\" height=\"768\" data-id=\"3611\" src=\"https:\/\/ich-bei-ipp.at\/blog\/wp-content\/uploads\/2025\/09\/Leopoldauer-Alm-1024x768.jpg\" alt=\"\" class=\"wp-image-3611\" srcset=\"https:\/\/ich-bei-ipp.at\/blog\/wp-content\/uploads\/2025\/09\/Leopoldauer-Alm-1024x768.jpg 1024w, https:\/\/ich-bei-ipp.at\/blog\/wp-content\/uploads\/2025\/09\/Leopoldauer-Alm-300x225.jpg 300w, https:\/\/ich-bei-ipp.at\/blog\/wp-content\/uploads\/2025\/09\/Leopoldauer-Alm-768x576.jpg 768w, https:\/\/ich-bei-ipp.at\/blog\/wp-content\/uploads\/2025\/09\/Leopoldauer-Alm-1536x1152.jpg 1536w, https:\/\/ich-bei-ipp.at\/blog\/wp-content\/uploads\/2025\/09\/Leopoldauer-Alm.jpg 1600w\" sizes=\"(max-width: 1024px) 100vw, 1024px\" \/><\/a><\/figure>\n<\/figure>\n","protected":false},"excerpt":{"rendered":"<p>Am 27. August begab sich das Team von arte Wien auf ein au\u00dfergew\u00f6hnliches Abenteuer: Zun\u00e4chst tauchten wir ein \u2013 im wahrsten Sinne des Wortes \u2013 in die geheimnisvolle Welt des Schwarzlicht-Minigolfs. Leuchtende Farben, schummriges Licht und jede Menge Spa\u00df machten es zu einem echten Erlebnis mit Glow-Garantie. Im Anschluss wurde es kulinarisch und gem\u00fctlich: In [&hellip;]<\/p>\n","protected":false},"author":1,"featured_media":3617,"comment_status":"closed","ping_status":"closed","sticky":false,"template":"","format":"standard","meta":{"footnotes":""},"categories":[4],"tags":[],"wps_subtitle":"ein gro\u00df-artiger Tag voller Highlights","_links":{"self":[{"href":"https:\/\/ich-bei-ipp.at\/blog\/wp-json\/wp\/v2\/posts\/3604"}],"collection":[{"href":"https:\/\/ich-bei-ipp.at\/blog\/wp-json\/wp\/v2\/posts"}],"about":[{"href":"https:\/\/ich-bei-ipp.at\/blog\/wp-json\/wp\/v2\/types\/post"}],"author":[{"embeddable":true,"href":"https:\/\/ich-bei-ipp.at\/blog\/wp-json\/wp\/v2\/users\/1"}],"replies":[{"embeddable":true,"href":"https:\/\/ich-bei-ipp.at\/blog\/wp-json\/wp\/v2\/comments?post=3604"}],"version-history":[{"count":2,"href":"https:\/\/ich-bei-ipp.at\/blog\/wp-json\/wp\/v2\/posts\/3604\/revisions"}],"predecessor-version":[{"id":3615,"href":"https:\/\/ich-bei-ipp.at\/blog\/wp-json\/wp\/v2\/posts\/3604\/revisions\/3615"}],"wp:featuredmedia":[{"embeddable":true,"href":"https:\/\/ich-bei-ipp.at\/blog\/wp-json\/wp\/v2\/media\/3617"}],"wp:attachment":[{"href":"https:\/\/ich-bei-ipp.at\/blog\/wp-json\/wp\/v2\/media?parent=3604"}],"wp:term":[{"taxonomy":"category","embeddable":true,"href":"https:\/\/ich-bei-ipp.at\/blog\/wp-json\/wp\/v2\/categories?post=3604"},{"taxonomy":"post_tag","embeddable":true,"href":"https:\/\/ich-bei-ipp.at\/blog\/wp-json\/wp\/v2\/tags?post=3604"}],"curies":[{"name":"wp","href":"https:\/\/api.w.org\/{rel}","templated":true}]}}