{"id":3658,"date":"2025-09-19T15:23:31","date_gmt":"2025-09-19T13:23:31","guid":{"rendered":"https:\/\/ich-bei-ipp.at\/blog\/?p=3658"},"modified":"2026-01-21T10:32:41","modified_gmt":"2026-01-21T09:32:41","slug":"drei-power-girls-aus-polen-im-arte-wien","status":"publish","type":"post","link":"https:\/\/ich-bei-ipp.at\/blog\/2025\/09\/19\/drei-power-girls-aus-polen-im-arte-wien\/","title":{"rendered":"Drei Power-Girls aus Polen im arte Wien"},"content":{"rendered":"\n<p><span style=\"font-family: &quot;Times New Roman&quot;, serif; font-size: 12pt; color: initial;\">Alles begann mit einer charmanten E-Mail: \u201eHallo, wir sind Sara, Gabriela und Natalia und w\u00fcrden gerne im Sommer im arte Wien arbeiten. Das Hotel ist das Coolste \u2013 und wir w\u00fcrden am liebsten gemeinsam dort sein.\u201c<\/span> <p class=\"MsoNormal\" style=\"mso-margin-top-alt:auto;mso-margin-bottom-alt:auto;\nline-height:normal\"><span style=\"font-size:12.0pt;font-family:&quot;Times New Roman&quot;,serif;\nmso-fareast-font-family:&quot;Times New Roman&quot;;mso-fareast-language:DE-AT\">Unsere Direktion war neugierig \u2013 und schnell war klar: Die drei Sch\u00fclerinnen aus Polen haben nicht nur ihre Reise nach Wien eigenst\u00e4ndig organisiert, sondern auch direkt nach einem Job gesucht, der genauso cool ist wie ihr Reiseziel. So viel Eigeninitiative und Abenteuerlust passt zu uns und muss belohnt werden!<\/span><\/p><span style=\"font-family: &quot;Times New Roman&quot;, serif; font-size: 12pt; color: initial;\">Kurz darauf war\u2019s offiziell: Unser vielf\u00e4ltiges arte Wien Team bekam Verst\u00e4rkung aus Polen! Sara, Gabi und Nati haben sich mit viel Energie und Charme durch alle Abteilungen gearbeitet \u2013 und dabei nicht nur jede Menge Erfahrung gesammelt, sondern auch unsere Herzen erobert.<\/span> <p class=\"MsoNormal\" style=\"mso-margin-top-alt:auto;mso-margin-bottom-alt:auto;\nline-height:normal\"><span style=\"font-size:12.0pt;font-family:&quot;Times New Roman&quot;,serif;\nmso-fareast-font-family:&quot;Times New Roman&quot;;mso-fareast-language:DE-AT\">Ob Housekeeping, Rezeption oder Fr\u00fchst\u00fccksteam \u2013 sie waren \u00fcberall mit vollem Einsatz dabei und sind in k\u00fcrzester Zeit ein fester Teil der arte Wien Familie geworden.<\/span><\/p><span style=\"font-family: &quot;Times New Roman&quot;, serif; font-size: 12pt; color: initial;\">Leider hie\u00df es zum Sommerende: Back to School. Der Abschied fiel uns alles andere als leicht, das Ziel ist aber klar: der Schulabschluss, f\u00fcr den wir euch das Allerbeste w\u00fcnschen! M\u00e4dels, ihr wart gro\u00dfartig \u2013 danke f\u00fcr diese besondere Zeit mit euch!<\/span> <p class=\"MsoNormal\" style=\"mso-margin-top-alt:auto;mso-margin-bottom-alt:auto;\nline-height:normal\"><span style=\"font-size:12.0pt;font-family:&quot;Times New Roman&quot;,serif;\nmso-fareast-font-family:&quot;Times New Roman&quot;;mso-fareast-language:DE-AT\">Wir sagen <b>Auf Wiederschau\u2019n<\/b> \u2013 wir freuen uns schon auf ein Wiedersehen!<\/span><\/p><p class=\"MsoNormal\" style=\"mso-margin-top-alt:auto;mso-margin-bottom-alt:auto;\nline-height:normal\"><span style=\"font-size:12.0pt;font-family:&quot;Times New Roman&quot;,serif;\nmso-fareast-font-family:&quot;Times New Roman&quot;;mso-fareast-language:DE-AT\">Herzliche Gr\u00fc\u00dfe, euer arte Wien Team<\/span><\/p> <\/p>\n","protected":false},"excerpt":{"rendered":"<p>Alles begann mit einer charmanten E-Mail: \u201eHallo, wir sind Sara, Gabriela und Natalia und w\u00fcrden gerne im Sommer im arte Wien arbeiten. Das Hotel ist das Coolste \u2013 und wir w\u00fcrden am liebsten gemeinsam dort sein.\u201c Unsere Direktion war neugierig \u2013 und schnell war klar: Die drei Sch\u00fclerinnen aus Polen haben nicht nur ihre Reise [&hellip;]<\/p>\n","protected":false},"author":1,"featured_media":3659,"comment_status":"closed","ping_status":"closed","sticky":false,"template":"","format":"standard","meta":{"footnotes":""},"categories":[6],"tags":[],"wps_subtitle":"und mitten in unseren Herzen","_links":{"self":[{"href":"https:\/\/ich-bei-ipp.at\/blog\/wp-json\/wp\/v2\/posts\/3658"}],"collection":[{"href":"https:\/\/ich-bei-ipp.at\/blog\/wp-json\/wp\/v2\/posts"}],"about":[{"href":"https:\/\/ich-bei-ipp.at\/blog\/wp-json\/wp\/v2\/types\/post"}],"author":[{"embeddable":true,"href":"https:\/\/ich-bei-ipp.at\/blog\/wp-json\/wp\/v2\/users\/1"}],"replies":[{"embeddable":true,"href":"https:\/\/ich-bei-ipp.at\/blog\/wp-json\/wp\/v2\/comments?post=3658"}],"version-history":[{"count":2,"href":"https:\/\/ich-bei-ipp.at\/blog\/wp-json\/wp\/v2\/posts\/3658\/revisions"}],"predecessor-version":[{"id":3661,"href":"https:\/\/ich-bei-ipp.at\/blog\/wp-json\/wp\/v2\/posts\/3658\/revisions\/3661"}],"wp:featuredmedia":[{"embeddable":true,"href":"https:\/\/ich-bei-ipp.at\/blog\/wp-json\/wp\/v2\/media\/3659"}],"wp:attachment":[{"href":"https:\/\/ich-bei-ipp.at\/blog\/wp-json\/wp\/v2\/media?parent=3658"}],"wp:term":[{"taxonomy":"category","embeddable":true,"href":"https:\/\/ich-bei-ipp.at\/blog\/wp-json\/wp\/v2\/categories?post=3658"},{"taxonomy":"post_tag","embeddable":true,"href":"https:\/\/ich-bei-ipp.at\/blog\/wp-json\/wp\/v2\/tags?post=3658"}],"curies":[{"name":"wp","href":"https:\/\/api.w.org\/{rel}","templated":true}]}}