{"id":3861,"date":"2026-02-23T12:13:15","date_gmt":"2026-02-23T11:13:15","guid":{"rendered":"https:\/\/ich-bei-ipp.at\/blog\/?p=3861"},"modified":"2026-02-25T12:23:38","modified_gmt":"2026-02-25T11:23:38","slug":"katharina-ist-offiziell-gastronomiefachfrau","status":"publish","type":"post","link":"https:\/\/ich-bei-ipp.at\/blog\/2026\/02\/23\/katharina-ist-offiziell-gastronomiefachfrau\/","title":{"rendered":"Katharina ist offiziell Gastronomiefachfrau"},"content":{"rendered":"\n<p>Unsere Katharina, welche unser Team im Restaurant auf der Schwarz Alm Zwettl verst\u00e4rkt, hat letzte Woche den n\u00e4chsten Schritt in ihrer Karriere erreicht: Sie hat ihre Lehre zur Gastronomiefachfrau erfolgreich bestanden! Ein Grund zum Feiern! \ud83c\udf89<\/p>\n\n\n\n<p>Wir sind sehr stolz auf sie und blicken gemeinsam auf die sch\u00f6ne Lehrzeit zur\u00fcck. Katharina ist f\u00fcr uns wieder ein Teil der Erfolgsgeschichte von<strong> <\/strong>LernBei und WachsMit IPP und wir sind schon gespannt, wohin Katharina ihre berufliche Reise noch f\u00fchren wird. Uns erf\u00fcllt es mit Stolz, dass so eine beeindruckende junge Dame wie Katharina bei und mit uns gelernt hat und freuen uns noch viele weitere tolle Abenteuer gemeinsam mit ihr.<\/p>\n\n\n\n<figure class=\"wp-block-image size-large\"><img loading=\"lazy\" decoding=\"async\" width=\"1002\" height=\"1024\" src=\"https:\/\/ich-bei-ipp.at\/blog\/wp-content\/uploads\/2026\/02\/2026-02-23-1-Kopie-1002x1024.jpg\" alt=\"\" class=\"wp-image-3863\" srcset=\"https:\/\/ich-bei-ipp.at\/blog\/wp-content\/uploads\/2026\/02\/2026-02-23-1-Kopie-1002x1024.jpg 1002w, https:\/\/ich-bei-ipp.at\/blog\/wp-content\/uploads\/2026\/02\/2026-02-23-1-Kopie-294x300.jpg 294w, https:\/\/ich-bei-ipp.at\/blog\/wp-content\/uploads\/2026\/02\/2026-02-23-1-Kopie-768x785.jpg 768w, https:\/\/ich-bei-ipp.at\/blog\/wp-content\/uploads\/2026\/02\/2026-02-23-1-Kopie-1503x1536.jpg 1503w, https:\/\/ich-bei-ipp.at\/blog\/wp-content\/uploads\/2026\/02\/2026-02-23-1-Kopie-2004x2048.jpg 2004w\" sizes=\"(max-width: 1002px) 100vw, 1002px\" \/><\/figure>\n","protected":false},"excerpt":{"rendered":"<p>Unsere Katharina, welche unser Team im Restaurant auf der Schwarz Alm Zwettl verst\u00e4rkt, hat letzte Woche den n\u00e4chsten Schritt in ihrer Karriere erreicht: Sie hat ihre Lehre zur Gastronomiefachfrau erfolgreich bestanden! Ein Grund zum Feiern! \ud83c\udf89 Wir sind sehr stolz auf sie und blicken gemeinsam auf die sch\u00f6ne Lehrzeit zur\u00fcck. Katharina ist f\u00fcr uns wieder [&hellip;]<\/p>\n","protected":false},"author":8,"featured_media":3866,"comment_status":"closed","ping_status":"closed","sticky":false,"template":"","format":"standard","meta":{"footnotes":""},"categories":[5],"tags":[],"wps_subtitle":"","_links":{"self":[{"href":"https:\/\/ich-bei-ipp.at\/blog\/wp-json\/wp\/v2\/posts\/3861"}],"collection":[{"href":"https:\/\/ich-bei-ipp.at\/blog\/wp-json\/wp\/v2\/posts"}],"about":[{"href":"https:\/\/ich-bei-ipp.at\/blog\/wp-json\/wp\/v2\/types\/post"}],"author":[{"embeddable":true,"href":"https:\/\/ich-bei-ipp.at\/blog\/wp-json\/wp\/v2\/users\/8"}],"replies":[{"embeddable":true,"href":"https:\/\/ich-bei-ipp.at\/blog\/wp-json\/wp\/v2\/comments?post=3861"}],"version-history":[{"count":4,"href":"https:\/\/ich-bei-ipp.at\/blog\/wp-json\/wp\/v2\/posts\/3861\/revisions"}],"predecessor-version":[{"id":3869,"href":"https:\/\/ich-bei-ipp.at\/blog\/wp-json\/wp\/v2\/posts\/3861\/revisions\/3869"}],"wp:featuredmedia":[{"embeddable":true,"href":"https:\/\/ich-bei-ipp.at\/blog\/wp-json\/wp\/v2\/media\/3866"}],"wp:attachment":[{"href":"https:\/\/ich-bei-ipp.at\/blog\/wp-json\/wp\/v2\/media?parent=3861"}],"wp:term":[{"taxonomy":"category","embeddable":true,"href":"https:\/\/ich-bei-ipp.at\/blog\/wp-json\/wp\/v2\/categories?post=3861"},{"taxonomy":"post_tag","embeddable":true,"href":"https:\/\/ich-bei-ipp.at\/blog\/wp-json\/wp\/v2\/tags?post=3861"}],"curies":[{"name":"wp","href":"https:\/\/api.w.org\/{rel}","templated":true}]}}