{"id":3870,"date":"2026-02-24T16:00:15","date_gmt":"2026-02-24T15:00:15","guid":{"rendered":"https:\/\/ich-bei-ipp.at\/blog\/?p=3870"},"modified":"2026-02-25T12:23:34","modified_gmt":"2026-02-25T11:23:34","slug":"pressekonferenz-im-hugoes14","status":"publish","type":"post","link":"https:\/\/ich-bei-ipp.at\/blog\/2026\/02\/24\/pressekonferenz-im-hugoes14\/","title":{"rendered":"Pressekonferenz im hu:goes14"},"content":{"rendered":"\n<p>Am vergangenen Donnerstag, den 19. J\u00e4nner 2026, durfte das Team des<strong> arte Hotel Salzburg<\/strong> beziehungsweise die dazugeh\u00f6rige Bar <strong>hu:goes14 <\/strong>als Gastgeber f\u00fcr eine hochkar\u00e4tige Pressekonferenz fungieren.<\/p>\n\n\n\n<p>Im Mittelpunkt stand die geplante Reform der Konzernstruktur der \u00d6sterreichische Bundesbahnen (\u00d6BB), pr\u00e4sentiert von Verkehrsminister Peter Hanke. Zu den G\u00e4sten z\u00e4hlten unter anderem Landeshauptfrau Karoline Edtstadler, Judith Engel (\u00d6BB Infrastruktur) sowie Hartwig Hufnagl, Vorstandsdirektor der ASFINAG.<\/p>\n\n\n\n<p>Es war uns eine gro\u00dfe Freude diesen bedeutenden Termin in unserem Haus auszurichten und den Austausch zwischen Politik, Wirtschaft und Medien in besonderem Ambiente zu begleiten. Wir bedanken uns herzlich bei allen G\u00e4sten f\u00fcr das entgegengebrachte Vertrauen und freuen uns auch in Zukunft hoffentlich eine Plattform f\u00fcr wichtige wirtschafts- und verkehrspolitische Impulse sein zu d\u00fcrfen.<\/p>\n\n\n\n<figure class=\"wp-block-gallery has-nested-images columns-default is-cropped fancybox wp-block-gallery-1 is-layout-flex wp-block-gallery-is-layout-flex\">\n<figure class=\"wp-block-image size-large\"><a href=\"https:\/\/ich-bei-ipp.at\/blog\/wp-content\/uploads\/2026\/02\/\u00a9-Georg-Kritsch0.jpg\"><img loading=\"lazy\" decoding=\"async\" width=\"1024\" height=\"683\" data-id=\"3875\" src=\"https:\/\/ich-bei-ipp.at\/blog\/wp-content\/uploads\/2026\/02\/\u00a9-Georg-Kritsch0-1024x683.jpg\" alt=\"\" class=\"wp-image-3875\" srcset=\"https:\/\/ich-bei-ipp.at\/blog\/wp-content\/uploads\/2026\/02\/\u00a9-Georg-Kritsch0-1024x683.jpg 1024w, https:\/\/ich-bei-ipp.at\/blog\/wp-content\/uploads\/2026\/02\/\u00a9-Georg-Kritsch0-300x200.jpg 300w, https:\/\/ich-bei-ipp.at\/blog\/wp-content\/uploads\/2026\/02\/\u00a9-Georg-Kritsch0-768x512.jpg 768w, https:\/\/ich-bei-ipp.at\/blog\/wp-content\/uploads\/2026\/02\/\u00a9-Georg-Kritsch0-1536x1024.jpg 1536w, https:\/\/ich-bei-ipp.at\/blog\/wp-content\/uploads\/2026\/02\/\u00a9-Georg-Kritsch0.jpg 2048w\" sizes=\"(max-width: 1024px) 100vw, 1024px\" \/><\/a><\/figure>\n\n\n\n<figure class=\"wp-block-image size-large\"><a href=\"https:\/\/ich-bei-ipp.at\/blog\/wp-content\/uploads\/2026\/02\/\u00a9-Georg-Kritsch1.jpg\"><img loading=\"lazy\" decoding=\"async\" width=\"1024\" height=\"683\" data-id=\"3871\" src=\"https:\/\/ich-bei-ipp.at\/blog\/wp-content\/uploads\/2026\/02\/\u00a9-Georg-Kritsch1-1024x683.jpg\" alt=\"\" class=\"wp-image-3871\" srcset=\"https:\/\/ich-bei-ipp.at\/blog\/wp-content\/uploads\/2026\/02\/\u00a9-Georg-Kritsch1-1024x683.jpg 1024w, https:\/\/ich-bei-ipp.at\/blog\/wp-content\/uploads\/2026\/02\/\u00a9-Georg-Kritsch1-300x200.jpg 300w, https:\/\/ich-bei-ipp.at\/blog\/wp-content\/uploads\/2026\/02\/\u00a9-Georg-Kritsch1-768x512.jpg 768w, https:\/\/ich-bei-ipp.at\/blog\/wp-content\/uploads\/2026\/02\/\u00a9-Georg-Kritsch1-1536x1024.jpg 1536w, https:\/\/ich-bei-ipp.at\/blog\/wp-content\/uploads\/2026\/02\/\u00a9-Georg-Kritsch1.jpg 2048w\" sizes=\"(max-width: 1024px) 100vw, 1024px\" \/><\/a><\/figure>\n\n\n\n<figure class=\"wp-block-image size-large\"><a href=\"https:\/\/ich-bei-ipp.at\/blog\/wp-content\/uploads\/2026\/02\/\u00a9-Georg-Kritsch2.jpg\"><img loading=\"lazy\" decoding=\"async\" width=\"1024\" height=\"683\" data-id=\"3872\" src=\"https:\/\/ich-bei-ipp.at\/blog\/wp-content\/uploads\/2026\/02\/\u00a9-Georg-Kritsch2-1024x683.jpg\" alt=\"\" class=\"wp-image-3872\" srcset=\"https:\/\/ich-bei-ipp.at\/blog\/wp-content\/uploads\/2026\/02\/\u00a9-Georg-Kritsch2-1024x683.jpg 1024w, https:\/\/ich-bei-ipp.at\/blog\/wp-content\/uploads\/2026\/02\/\u00a9-Georg-Kritsch2-300x200.jpg 300w, https:\/\/ich-bei-ipp.at\/blog\/wp-content\/uploads\/2026\/02\/\u00a9-Georg-Kritsch2-768x512.jpg 768w, https:\/\/ich-bei-ipp.at\/blog\/wp-content\/uploads\/2026\/02\/\u00a9-Georg-Kritsch2-1536x1024.jpg 1536w, https:\/\/ich-bei-ipp.at\/blog\/wp-content\/uploads\/2026\/02\/\u00a9-Georg-Kritsch2.jpg 2048w\" sizes=\"(max-width: 1024px) 100vw, 1024px\" \/><\/a><\/figure>\n\n\n\n<figure class=\"wp-block-image size-large\"><a href=\"https:\/\/ich-bei-ipp.at\/blog\/wp-content\/uploads\/2026\/02\/\u00a9-Georg-Kritsch3.jpg\"><img loading=\"lazy\" decoding=\"async\" width=\"1024\" height=\"683\" data-id=\"3874\" src=\"https:\/\/ich-bei-ipp.at\/blog\/wp-content\/uploads\/2026\/02\/\u00a9-Georg-Kritsch3-1024x683.jpg\" alt=\"\" class=\"wp-image-3874\" srcset=\"https:\/\/ich-bei-ipp.at\/blog\/wp-content\/uploads\/2026\/02\/\u00a9-Georg-Kritsch3-1024x683.jpg 1024w, https:\/\/ich-bei-ipp.at\/blog\/wp-content\/uploads\/2026\/02\/\u00a9-Georg-Kritsch3-300x200.jpg 300w, https:\/\/ich-bei-ipp.at\/blog\/wp-content\/uploads\/2026\/02\/\u00a9-Georg-Kritsch3-768x512.jpg 768w, https:\/\/ich-bei-ipp.at\/blog\/wp-content\/uploads\/2026\/02\/\u00a9-Georg-Kritsch3-1536x1024.jpg 1536w, https:\/\/ich-bei-ipp.at\/blog\/wp-content\/uploads\/2026\/02\/\u00a9-Georg-Kritsch3.jpg 2048w\" sizes=\"(max-width: 1024px) 100vw, 1024px\" \/><\/a><\/figure>\n\n\n\n<figure class=\"wp-block-image size-large\"><a href=\"https:\/\/ich-bei-ipp.at\/blog\/wp-content\/uploads\/2026\/02\/\u00a9-Georg-Kritsch4.jpg\"><img loading=\"lazy\" decoding=\"async\" width=\"1024\" height=\"683\" data-id=\"3873\" src=\"https:\/\/ich-bei-ipp.at\/blog\/wp-content\/uploads\/2026\/02\/\u00a9-Georg-Kritsch4-1024x683.jpg\" alt=\"\" class=\"wp-image-3873\" srcset=\"https:\/\/ich-bei-ipp.at\/blog\/wp-content\/uploads\/2026\/02\/\u00a9-Georg-Kritsch4-1024x683.jpg 1024w, https:\/\/ich-bei-ipp.at\/blog\/wp-content\/uploads\/2026\/02\/\u00a9-Georg-Kritsch4-300x200.jpg 300w, https:\/\/ich-bei-ipp.at\/blog\/wp-content\/uploads\/2026\/02\/\u00a9-Georg-Kritsch4-768x512.jpg 768w, https:\/\/ich-bei-ipp.at\/blog\/wp-content\/uploads\/2026\/02\/\u00a9-Georg-Kritsch4-1536x1024.jpg 1536w, https:\/\/ich-bei-ipp.at\/blog\/wp-content\/uploads\/2026\/02\/\u00a9-Georg-Kritsch4.jpg 2048w\" sizes=\"(max-width: 1024px) 100vw, 1024px\" \/><\/a><\/figure>\n<\/figure>\n\n\n\n<p><sub>\u00a9 Georg Kritsch<\/sub><\/p>\n","protected":false},"excerpt":{"rendered":"<p>Am vergangenen Donnerstag, den 19. J\u00e4nner 2026, durfte das Team des arte Hotel Salzburg beziehungsweise die dazugeh\u00f6rige Bar hu:goes14 als Gastgeber f\u00fcr eine hochkar\u00e4tige Pressekonferenz fungieren. Im Mittelpunkt stand die geplante Reform der Konzernstruktur der \u00d6sterreichische Bundesbahnen (\u00d6BB), pr\u00e4sentiert von Verkehrsminister Peter Hanke. Zu den G\u00e4sten z\u00e4hlten unter anderem Landeshauptfrau Karoline Edtstadler, Judith Engel (\u00d6BB [&hellip;]<\/p>\n","protected":false},"author":8,"featured_media":3873,"comment_status":"closed","ping_status":"closed","sticky":false,"template":"","format":"standard","meta":{"footnotes":""},"categories":[1],"tags":[],"wps_subtitle":"","_links":{"self":[{"href":"https:\/\/ich-bei-ipp.at\/blog\/wp-json\/wp\/v2\/posts\/3870"}],"collection":[{"href":"https:\/\/ich-bei-ipp.at\/blog\/wp-json\/wp\/v2\/posts"}],"about":[{"href":"https:\/\/ich-bei-ipp.at\/blog\/wp-json\/wp\/v2\/types\/post"}],"author":[{"embeddable":true,"href":"https:\/\/ich-bei-ipp.at\/blog\/wp-json\/wp\/v2\/users\/8"}],"replies":[{"embeddable":true,"href":"https:\/\/ich-bei-ipp.at\/blog\/wp-json\/wp\/v2\/comments?post=3870"}],"version-history":[{"count":8,"href":"https:\/\/ich-bei-ipp.at\/blog\/wp-json\/wp\/v2\/posts\/3870\/revisions"}],"predecessor-version":[{"id":3883,"href":"https:\/\/ich-bei-ipp.at\/blog\/wp-json\/wp\/v2\/posts\/3870\/revisions\/3883"}],"wp:featuredmedia":[{"embeddable":true,"href":"https:\/\/ich-bei-ipp.at\/blog\/wp-json\/wp\/v2\/media\/3873"}],"wp:attachment":[{"href":"https:\/\/ich-bei-ipp.at\/blog\/wp-json\/wp\/v2\/media?parent=3870"}],"wp:term":[{"taxonomy":"category","embeddable":true,"href":"https:\/\/ich-bei-ipp.at\/blog\/wp-json\/wp\/v2\/categories?post=3870"},{"taxonomy":"post_tag","embeddable":true,"href":"https:\/\/ich-bei-ipp.at\/blog\/wp-json\/wp\/v2\/tags?post=3870"}],"curies":[{"name":"wp","href":"https:\/\/api.w.org\/{rel}","templated":true}]}}