{"id":3905,"date":"2026-02-27T13:01:32","date_gmt":"2026-02-27T12:01:32","guid":{"rendered":"https:\/\/ich-bei-ipp.at\/blog\/?p=3905"},"modified":"2026-02-25T13:02:02","modified_gmt":"2026-02-25T12:02:02","slug":"unsere-anja-gewinnt-silber","status":"publish","type":"post","link":"https:\/\/ich-bei-ipp.at\/blog\/2026\/02\/27\/unsere-anja-gewinnt-silber\/","title":{"rendered":"Unsere Anja gewinnt Silber"},"content":{"rendered":"\n<p>Im Rahmen der WKO Siegerlounge in St. P\u00f6lten wurde unsere Anja, die auf der<strong> Schwarz Alm Zwettl<\/strong> ihre Lehre zur Gastronomiefachfrau absolviert hat, f\u00fcr ihre hervorragenden Leistungen in allen Berufschulklassen w\u00e4hrend ihrer Ausbildung geehrt.<\/p>\n\n\n\n<p>Besonders stolz kann sie jedoch auf ihre Auszeichnung bei juniorSkills Austria sein. Bei dem \u00f6sterreichweiten Lehrlingswettbewerb durfte sie schlie\u00dflich eine Silber-Medaille mit nach Hause nehmen. Zu dieser gratulierte sogar die nieder\u00f6sterreichische Landeshauptfrau Johanna Mikl-Leitner pers\u00f6nlich.<\/p>\n\n\n\n<p>Liebe Anja, wir sind unglaublich stolz auf dich. Es war uns eine Freude, dass wir dich auf diesem wichtigen Lebensabschnitt begleiten durften und hoffen, dass wir gemeinsam noch viel erleben werden!<\/p>\n","protected":false},"excerpt":{"rendered":"<p>Im Rahmen der WKO Siegerlounge in St. P\u00f6lten wurde unsere Anja, die auf der Schwarz Alm Zwettl ihre Lehre zur Gastronomiefachfrau absolviert hat, f\u00fcr ihre hervorragenden Leistungen in allen Berufschulklassen w\u00e4hrend ihrer Ausbildung geehrt. Besonders stolz kann sie jedoch auf ihre Auszeichnung bei juniorSkills Austria sein. Bei dem \u00f6sterreichweiten Lehrlingswettbewerb durfte sie schlie\u00dflich eine Silber-Medaille [&hellip;]<\/p>\n","protected":false},"author":8,"featured_media":3906,"comment_status":"closed","ping_status":"closed","sticky":false,"template":"","format":"standard","meta":{"footnotes":""},"categories":[6],"tags":[],"wps_subtitle":"","_links":{"self":[{"href":"https:\/\/ich-bei-ipp.at\/blog\/wp-json\/wp\/v2\/posts\/3905"}],"collection":[{"href":"https:\/\/ich-bei-ipp.at\/blog\/wp-json\/wp\/v2\/posts"}],"about":[{"href":"https:\/\/ich-bei-ipp.at\/blog\/wp-json\/wp\/v2\/types\/post"}],"author":[{"embeddable":true,"href":"https:\/\/ich-bei-ipp.at\/blog\/wp-json\/wp\/v2\/users\/8"}],"replies":[{"embeddable":true,"href":"https:\/\/ich-bei-ipp.at\/blog\/wp-json\/wp\/v2\/comments?post=3905"}],"version-history":[{"count":2,"href":"https:\/\/ich-bei-ipp.at\/blog\/wp-json\/wp\/v2\/posts\/3905\/revisions"}],"predecessor-version":[{"id":3908,"href":"https:\/\/ich-bei-ipp.at\/blog\/wp-json\/wp\/v2\/posts\/3905\/revisions\/3908"}],"wp:featuredmedia":[{"embeddable":true,"href":"https:\/\/ich-bei-ipp.at\/blog\/wp-json\/wp\/v2\/media\/3906"}],"wp:attachment":[{"href":"https:\/\/ich-bei-ipp.at\/blog\/wp-json\/wp\/v2\/media?parent=3905"}],"wp:term":[{"taxonomy":"category","embeddable":true,"href":"https:\/\/ich-bei-ipp.at\/blog\/wp-json\/wp\/v2\/categories?post=3905"},{"taxonomy":"post_tag","embeddable":true,"href":"https:\/\/ich-bei-ipp.at\/blog\/wp-json\/wp\/v2\/tags?post=3905"}],"curies":[{"name":"wp","href":"https:\/\/api.w.org\/{rel}","templated":true}]}}