{"id":3914,"date":"2026-03-03T10:13:44","date_gmt":"2026-03-03T09:13:44","guid":{"rendered":"https:\/\/ich-bei-ipp.at\/blog\/?p=3914"},"modified":"2026-03-03T10:14:08","modified_gmt":"2026-03-03T09:14:08","slug":"spannender-dreh-in-wien","status":"publish","type":"post","link":"https:\/\/ich-bei-ipp.at\/blog\/2026\/03\/03\/spannender-dreh-in-wien\/","title":{"rendered":"Spannender Dreh in Wien"},"content":{"rendered":"\n<p>Vergangenen Donnerstag, den 26. Februar 2026, konnten Gesch\u00e4ftsf\u00fchrer Alexander Ipp sowie unsere neue Kollegin im Marketing, Vanessa, bei einem Auftritt von J\u00fcrgen Vogl alias p\u00f6rd dabei sein, der im Zuge seiner <strong>arte Hotel<\/strong> Tour das <strong>arte Hotel Wien<\/strong> besuchte. Doch bevor es f\u00fcr p\u00f6rd auf die gro\u00dfe B\u00fchne ging, stand noch ein Interview mit unserer Brand Agentur tonality an, die dem K\u00fcnstler einige spannende Fragen stellte. Danach durften auch Alexander Ipp und Vanessa Platz auf dem legend\u00e4ren Interview-Stuhl nehmen und ein Foto mit p\u00f6rds pers\u00f6nlichem Maskottchen machen.<\/p>\n\n\n\n<p>Um 19:45 Uhr ging es dann schlie\u00dflich f\u00fcr p\u00f6rd los und er verzauberte die G\u00e4ste mit seinem neuen Programm. Nach vielen Jahren auf den Kabarett- und Comedy-B\u00fchnen schl\u00e4gt er mit seinem neuen Projekt ein ganz anderes Kapitel auf: die Musik steht im Mittelpunkt. Es ist eine sehr pers\u00f6nliche Reise. Eine Erz\u00e4hlung vom Aufbrechen, Treibenlassen und Ankommen. Zwischen Songs wie \u201eChateaubriand avec ma cherie\u201c und \u201euntil the end\u201c entstand ein Raum voller Gef\u00fchl und Tiefe, welcher dennoch Platz f\u00fcr heitere Momente lie\u00df. <\/p>\n\n\n\n<p>Danke nochmal J\u00fcrgen f\u00fcr diesen besonderen Abend in p\u00f6rdland! \ud83d\udea2\ud83c\udfb6 <\/p>\n\n\n<div class=\"wp-block-image\">\n<figure class=\"alignleft size-large is-resized\"><img loading=\"lazy\" decoding=\"async\" width=\"1024\" height=\"768\" src=\"https:\/\/ich-bei-ipp.at\/blog\/wp-content\/uploads\/2026\/03\/2026-02-2026-Juergen-Vogl-C-tonality-8-1024x768.jpg\" alt=\"\" class=\"wp-image-3915\" style=\"width:700px\" srcset=\"https:\/\/ich-bei-ipp.at\/blog\/wp-content\/uploads\/2026\/03\/2026-02-2026-Juergen-Vogl-C-tonality-8-1024x768.jpg 1024w, https:\/\/ich-bei-ipp.at\/blog\/wp-content\/uploads\/2026\/03\/2026-02-2026-Juergen-Vogl-C-tonality-8-300x225.jpg 300w, https:\/\/ich-bei-ipp.at\/blog\/wp-content\/uploads\/2026\/03\/2026-02-2026-Juergen-Vogl-C-tonality-8-768x576.jpg 768w, https:\/\/ich-bei-ipp.at\/blog\/wp-content\/uploads\/2026\/03\/2026-02-2026-Juergen-Vogl-C-tonality-8-1536x1152.jpg 1536w, https:\/\/ich-bei-ipp.at\/blog\/wp-content\/uploads\/2026\/03\/2026-02-2026-Juergen-Vogl-C-tonality-8-2048x1536.jpg 2048w\" sizes=\"(max-width: 1024px) 100vw, 1024px\" \/><\/figure><\/div>","protected":false},"excerpt":{"rendered":"<p>Vergangenen Donnerstag, den 26. Februar 2026, konnten Gesch\u00e4ftsf\u00fchrer Alexander Ipp sowie unsere neue Kollegin im Marketing, Vanessa, bei einem Auftritt von J\u00fcrgen Vogl alias p\u00f6rd dabei sein, der im Zuge seiner arte Hotel Tour das arte Hotel Wien besuchte. Doch bevor es f\u00fcr p\u00f6rd auf die gro\u00dfe B\u00fchne ging, stand noch ein Interview mit unserer [&hellip;]<\/p>\n","protected":false},"author":8,"featured_media":3917,"comment_status":"closed","ping_status":"closed","sticky":false,"template":"","format":"standard","meta":{"footnotes":""},"categories":[4],"tags":[],"wps_subtitle":"","_links":{"self":[{"href":"https:\/\/ich-bei-ipp.at\/blog\/wp-json\/wp\/v2\/posts\/3914"}],"collection":[{"href":"https:\/\/ich-bei-ipp.at\/blog\/wp-json\/wp\/v2\/posts"}],"about":[{"href":"https:\/\/ich-bei-ipp.at\/blog\/wp-json\/wp\/v2\/types\/post"}],"author":[{"embeddable":true,"href":"https:\/\/ich-bei-ipp.at\/blog\/wp-json\/wp\/v2\/users\/8"}],"replies":[{"embeddable":true,"href":"https:\/\/ich-bei-ipp.at\/blog\/wp-json\/wp\/v2\/comments?post=3914"}],"version-history":[{"count":2,"href":"https:\/\/ich-bei-ipp.at\/blog\/wp-json\/wp\/v2\/posts\/3914\/revisions"}],"predecessor-version":[{"id":3919,"href":"https:\/\/ich-bei-ipp.at\/blog\/wp-json\/wp\/v2\/posts\/3914\/revisions\/3919"}],"wp:featuredmedia":[{"embeddable":true,"href":"https:\/\/ich-bei-ipp.at\/blog\/wp-json\/wp\/v2\/media\/3917"}],"wp:attachment":[{"href":"https:\/\/ich-bei-ipp.at\/blog\/wp-json\/wp\/v2\/media?parent=3914"}],"wp:term":[{"taxonomy":"category","embeddable":true,"href":"https:\/\/ich-bei-ipp.at\/blog\/wp-json\/wp\/v2\/categories?post=3914"},{"taxonomy":"post_tag","embeddable":true,"href":"https:\/\/ich-bei-ipp.at\/blog\/wp-json\/wp\/v2\/tags?post=3914"}],"curies":[{"name":"wp","href":"https:\/\/api.w.org\/{rel}","templated":true}]}}