{"id":658,"date":"2020-09-20T16:28:00","date_gmt":"2020-09-20T14:28:00","guid":{"rendered":"https:\/\/ich-bei-ipp.at\/blog\/?p=658"},"modified":"2021-01-08T15:45:13","modified_gmt":"2021-01-08T14:45:13","slug":"interview-mit-hga-lehrling-jakob","status":"publish","type":"post","link":"https:\/\/ich-bei-ipp.at\/blog\/2020\/09\/20\/interview-mit-hga-lehrling-jakob\/","title":{"rendered":"Interview mit HGA Lehrling Jakob"},"content":{"rendered":"\n<p>Jakob Kukic ist Lehrling im Hotel Schwarz Alm Zwettl. Im Interview mit Bernhard Schabauer von BEZIRKSBL\u00c4TTER  erz\u00e4hlt er \u00fcber seine Beweggr\u00fcnde zur Wahl dieser Lehre. Dar\u00fcber hinaus teilt er seine bisherigen Erfahrungen, die er am praxisbezogenen Lehrplatz bereits gesammelt hat.<\/p>\n\n\n\n<p>Das ganze Interview k\u00f6nnt ihr unter <a href=\"https:\/\/www.meinbezirk.at\/zwettl\/c-wirtschaft\/lehrling-jakob-wollte-beruf-in-der-direkten-praxis-erlernen_a4246041#gallery=null\" target=\"_blank\" rel=\"noreferrer noopener\">meinbezirk.at<\/a> lesen.<\/p>\n","protected":false},"excerpt":{"rendered":"<p>Jakob Kukic ist Lehrling im Hotel Schwarz Alm Zwettl. Im Interview mit Bernhard Schabauer von BEZIRKSBL\u00c4TTER erz\u00e4hlt er \u00fcber seine Beweggr\u00fcnde zur Wahl dieser Lehre. Dar\u00fcber hinaus teilt er seine bisherigen Erfahrungen, die er am praxisbezogenen Lehrplatz bereits gesammelt hat. Das ganze Interview k\u00f6nnt ihr unter meinbezirk.at lesen.<\/p>\n","protected":false},"author":1,"featured_media":667,"comment_status":"closed","ping_status":"closed","sticky":false,"template":"","format":"standard","meta":{"footnotes":""},"categories":[6],"tags":[],"wps_subtitle":"Lern bei IPP!","_links":{"self":[{"href":"https:\/\/ich-bei-ipp.at\/blog\/wp-json\/wp\/v2\/posts\/658"}],"collection":[{"href":"https:\/\/ich-bei-ipp.at\/blog\/wp-json\/wp\/v2\/posts"}],"about":[{"href":"https:\/\/ich-bei-ipp.at\/blog\/wp-json\/wp\/v2\/types\/post"}],"author":[{"embeddable":true,"href":"https:\/\/ich-bei-ipp.at\/blog\/wp-json\/wp\/v2\/users\/1"}],"replies":[{"embeddable":true,"href":"https:\/\/ich-bei-ipp.at\/blog\/wp-json\/wp\/v2\/comments?post=658"}],"version-history":[{"count":10,"href":"https:\/\/ich-bei-ipp.at\/blog\/wp-json\/wp\/v2\/posts\/658\/revisions"}],"predecessor-version":[{"id":670,"href":"https:\/\/ich-bei-ipp.at\/blog\/wp-json\/wp\/v2\/posts\/658\/revisions\/670"}],"wp:featuredmedia":[{"embeddable":true,"href":"https:\/\/ich-bei-ipp.at\/blog\/wp-json\/wp\/v2\/media\/667"}],"wp:attachment":[{"href":"https:\/\/ich-bei-ipp.at\/blog\/wp-json\/wp\/v2\/media?parent=658"}],"wp:term":[{"taxonomy":"category","embeddable":true,"href":"https:\/\/ich-bei-ipp.at\/blog\/wp-json\/wp\/v2\/categories?post=658"},{"taxonomy":"post_tag","embeddable":true,"href":"https:\/\/ich-bei-ipp.at\/blog\/wp-json\/wp\/v2\/tags?post=658"}],"curies":[{"name":"wp","href":"https:\/\/api.w.org\/{rel}","templated":true}]}}